{"id":9126,"date":"2024-11-09T12:13:14","date_gmt":"2024-11-09T10:13:14","guid":{"rendered":"https:\/\/www.maxins.sk\/?p=9126"},"modified":"2025-01-29T16:06:49","modified_gmt":"2025-01-29T14:06:49","slug":"erik-maxin-vyzvy-a-prilezitosti-zelenej-dohody-v-europe","status":"publish","type":"post","link":"https:\/\/www.maxins.sk\/en\/blog\/erik-maxin-vyzvy-a-prilezitosti-zelenej-dohody-v-europe\/","title":{"rendered":"Erik Maxin: V\u00fdzvy a pr\u00edle\u017eitosti Zelenej dohody v Eur\u00f3pe"},"content":{"rendered":"<h3>V\u00fdzvy eur\u00f3pskej Zelenej dohody pod\u013ea Erika Maxina<\/h3>\n<p>Eur\u00f3pska Zelen\u00e1 dohoda je ambici\u00f3zny pl\u00e1n E\u00da na dosiahnutie klimatickej neutrality do roku 2050. Av\u0161ak aktu\u00e1lna situ\u00e1cia \u2013 od energetick\u00fdch kr\u00edz po ekonomick\u00fa neistotu \u2013 vytv\u00e1ra pre \u010dlensk\u00e9 \u0161t\u00e1ty ve\u013ek\u00e9 v\u00fdzvy. Pand\u00e9mia COVID-19, spolu s rast\u00facimi n\u00e1kladmi na energiu, oslabili schopnos\u0165 viacer\u00fdch \u0161t\u00e1tov investova\u0165 do zelenej transform\u00e1cie. Maxin poznamen\u00e1va, \u017ee \u201enapredovanie Zelenej dohody pova\u017eujem za rozpa\u010dit\u00e9 v tomto n\u00e1ro\u010dnom obdob\u00ed.\u201c<\/p>\n<h3>Energetick\u00e1 kr\u00edza a potreba obnovite\u013en\u00fdch zdrojov<\/h3>\n<p>Energetick\u00e1 z\u00e1vislos\u0165 Eur\u00f3py od fos\u00edlnych pal\u00edv a zahrani\u010dn\u00fdch dod\u00e1vate\u013eov zd\u00f4raznila neudr\u017eate\u013enos\u0165 doteraj\u0161ieho pr\u00edstupu. Invest\u00edcie do obnovite\u013en\u00fdch zdrojov energie m\u00f4\u017eu poskytn\u00fa\u0165 stabilitu a nez\u00e1vislos\u0165, ktor\u00e9 s\u00fa d\u00f4le\u017eit\u00e9 pre bezpe\u010dn\u00fa a udr\u017eate\u013en\u00fa bud\u00facnos\u0165 Eur\u00f3py. Maxin ver\u00ed, \u017ee prechod na obnovite\u013en\u00e9 zdroje by mohol prispie\u0165 k stabiliz\u00e1cii energetickej situ\u00e1cie a zn\u00ed\u017eeniu z\u00e1vislosti od vonkaj\u0161\u00edch faktorov.<\/p>\n<p>Pre viac inform\u00e1ci\u00ed o Zelenej dohode nav\u0161t\u00edvte <a href=\"https:\/\/ec.europa.eu\/clima\/eu-action\/european-green-deal_sk\" target=\"_new\" rel=\"noopener\">ofici\u00e1lnu str\u00e1nku E\u00da<\/a>.<\/p>\n<h3>Flexibilita v cie\u013eoch Zelenej dohody ako k\u013e\u00fa\u010dov\u00e1 pre udr\u017eate\u013enos\u0165<\/h3>\n<p>Flexibilita v dosahovan\u00ed cie\u013eov Zelenej dohody by mohla pom\u00f4c\u0165 preklen\u00fa\u0165 rozdiely medzi amb\u00edciami E\u00da a realitou jednotliv\u00fdch \u010dlensk\u00fdch \u0161t\u00e1tov. Krajiny s uhl\u00edkovou z\u00e1vislos\u0165ou by tak mohli prisp\u00f4sobova\u0165 svoje z\u00e1v\u00e4zky vlastn\u00fdm ekonomick\u00fdm mo\u017enostiam bez v\u00fdrazn\u00e9ho naru\u0161enia stability.<\/p>\n<h3>Eur\u00f3pska \u00fania na kri\u017eovatke: Ekologick\u00e9 amb\u00edcie vs. ekonomick\u00e1 stabilita<\/h3>\n<p>\u201eEur\u00f3pa je na kri\u017eovatke \u2013 rozhodnutia, ktor\u00e9 prijmeme dnes, bud\u00fa formova\u0165 na\u0161u bud\u00facnos\u0165,\u201c uzatv\u00e1ra Maxin. H\u013eadanie vyv\u00e1\u017een\u00e9ho pr\u00edstupu, ktor\u00fd zoh\u013ead\u0148uje ekologick\u00e9 amb\u00edcie aj ekonomick\u00e9 potreby ob\u010danov, je k\u013e\u00fa\u010dov\u00e9 pre \u00faspe\u0161n\u00fa realiz\u00e1ciu cie\u013eov Zelenej dohody.<\/p>\n<p>&nbsp;<\/p>\n<p>Viac o aktivit\u00e1ch MAXIN&#8217;S Group n\u00e1jdete na na\u0161ej <a href=\"https:\/\/www.maxins.sk\" target=\"_new\" rel=\"noopener\">webovej str\u00e1nke<\/a>.<\/p>\n","protected":false},"excerpt":{"rendered":"<p>V\u00fdzvy eur\u00f3pskej Zelenej dohody pod\u013ea Erika Maxina Eur\u00f3pska Zelen\u00e1 dohoda je ambici\u00f3zny pl\u00e1n E\u00da na dosiahnutie klimatickej neutrality do roku 2050. Av\u0161ak aktu\u00e1lna situ\u00e1cia \u2013 od energetick\u00fdch kr\u00edz po ekonomick\u00fa neistotu \u2013 vytv\u00e1ra pre \u010dlensk\u00e9 \u0161t\u00e1ty ve\u013ek\u00e9 v\u00fdzvy. Pand\u00e9mia COVID-19, spolu s rast\u00facimi n\u00e1kladmi na energiu, oslabili schopnos\u0165 viacer\u00fdch \u0161t\u00e1tov investova\u0165 do zelenej transform\u00e1cie. Maxin [&hellip;]<\/p>\n","protected":false},"author":15,"featured_media":9129,"comment_status":"closed","ping_status":"closed","sticky":false,"template":"","format":"standard","meta":{"_acf_changed":false,"inline_featured_image":false,"footnotes":""},"categories":[84],"tags":[],"class_list":["post-9126","post","type-post","status-publish","format-standard","has-post-thumbnail","hentry","category-maxins-news"],"acf":[],"yoast_head":"<!-- This site is optimized with the Yoast SEO plugin v26.1.1 - https:\/\/yoast.com\/wordpress\/plugins\/seo\/ -->\n<title>Erik Maxin: V\u00fdzvy a pr\u00edle\u017eitosti Zelenej dohody v Eur\u00f3pe | MAXIN\u2019S<\/title>\n<meta name=\"description\" content=\"Erik Maxin hovor\u00ed o v\u00fdzvach a pr\u00edle\u017eitostiach eur\u00f3pskej Zelenej dohody. Ako ovplyv\u0148uj\u00fa energetick\u00e1 kr\u00edza, obnovite\u013en\u00e9 zdroje a ekonomick\u00e1 stabilita bud\u00facnos\u0165 E\u00da?\" \/>\n<meta name=\"robots\" content=\"index, follow, max-snippet:-1, max-image-preview:large, max-video-preview:-1\" \/>\n<link rel=\"canonical\" href=\"https:\/\/www.maxins.sk\/blog\/erik-maxin-vyzvy-a-prilezitosti-zelenej-dohody-v-europe\/\" \/>\n<meta property=\"og:locale\" content=\"en_US\" \/>\n<meta property=\"og:type\" content=\"article\" \/>\n<meta property=\"og:title\" content=\"Erik Maxin: V\u00fdzvy a pr\u00edle\u017eitosti Zelenej dohody v Eur\u00f3pe\" \/>\n<meta property=\"og:description\" content=\"Erik Maxin komentuje v\u00fdzvy eur\u00f3pskej Zelenej dohody. Tv\u00e1rou v tv\u00e1r energetickej kr\u00edze a ekonomick\u00fdm v\u00fdzvam pova\u017euje flexibilitu cie\u013eov za k\u013e\u00fa\u010dov\u00fa pre udr\u017eate\u013enos\u0165 v E\u00da.\" \/>\n<meta property=\"og:url\" content=\"https:\/\/www.maxins.sk\/blog\/erik-maxin-vyzvy-a-prilezitosti-zelenej-dohody-v-europe\/\" \/>\n<meta property=\"og:site_name\" content=\"MAXIN&#039;S\" \/>\n<meta property=\"article:published_time\" content=\"2024-11-09T10:13:14+00:00\" \/>\n<meta property=\"article:modified_time\" content=\"2025-01-29T14:06:49+00:00\" \/>\n<meta property=\"og:image\" content=\"https:\/\/www.maxins.sk\/wp-content\/uploads\/2024\/11\/Frame-949.png\" \/>\n\t<meta property=\"og:image:width\" content=\"1200\" \/>\n\t<meta property=\"og:image:height\" content=\"630\" \/>\n\t<meta property=\"og:image:type\" content=\"image\/png\" \/>\n<meta name=\"author\" content=\"Jaroslav GECI\" \/>\n<meta name=\"twitter:card\" content=\"summary_large_image\" \/>\n<meta name=\"twitter:label1\" content=\"Written by\" \/>\n\t<meta name=\"twitter:data1\" content=\"Jaroslav GECI\" \/>\n\t<meta name=\"twitter:label2\" content=\"Est. reading time\" \/>\n\t<meta name=\"twitter:data2\" content=\"2 minutes\" \/>\n<script type=\"application\/ld+json\" class=\"yoast-schema-graph\">{\"@context\":\"https:\/\/schema.org\",\"@graph\":[{\"@type\":\"WebPage\",\"@id\":\"https:\/\/www.maxins.sk\/blog\/erik-maxin-vyzvy-a-prilezitosti-zelenej-dohody-v-europe\/\",\"url\":\"https:\/\/www.maxins.sk\/blog\/erik-maxin-vyzvy-a-prilezitosti-zelenej-dohody-v-europe\/\",\"name\":\"Erik Maxin: V\u00fdzvy a pr\u00edle\u017eitosti Zelenej dohody v Eur\u00f3pe | MAXIN\u2019S\",\"isPartOf\":{\"@id\":\"https:\/\/www.maxins.sk\/#website\"},\"primaryImageOfPage\":{\"@id\":\"https:\/\/www.maxins.sk\/blog\/erik-maxin-vyzvy-a-prilezitosti-zelenej-dohody-v-europe\/#primaryimage\"},\"image\":{\"@id\":\"https:\/\/www.maxins.sk\/blog\/erik-maxin-vyzvy-a-prilezitosti-zelenej-dohody-v-europe\/#primaryimage\"},\"thumbnailUrl\":\"https:\/\/www.maxins.sk\/wp-content\/uploads\/2024\/11\/Frame-952.png\",\"datePublished\":\"2024-11-09T10:13:14+00:00\",\"dateModified\":\"2025-01-29T14:06:49+00:00\",\"author\":{\"@id\":\"https:\/\/www.maxins.sk\/#\/schema\/person\/730d1462a5f5efdb6d48c447e5f9d4c6\"},\"description\":\"Erik Maxin hovor\u00ed o v\u00fdzvach a pr\u00edle\u017eitostiach eur\u00f3pskej Zelenej dohody. Ako ovplyv\u0148uj\u00fa energetick\u00e1 kr\u00edza, obnovite\u013en\u00e9 zdroje a ekonomick\u00e1 stabilita bud\u00facnos\u0165 E\u00da?\",\"breadcrumb\":{\"@id\":\"https:\/\/www.maxins.sk\/blog\/erik-maxin-vyzvy-a-prilezitosti-zelenej-dohody-v-europe\/#breadcrumb\"},\"inLanguage\":\"en-US\",\"potentialAction\":[{\"@type\":\"ReadAction\",\"target\":[\"https:\/\/www.maxins.sk\/blog\/erik-maxin-vyzvy-a-prilezitosti-zelenej-dohody-v-europe\/\"]}]},{\"@type\":\"ImageObject\",\"inLanguage\":\"en-US\",\"@id\":\"https:\/\/www.maxins.sk\/blog\/erik-maxin-vyzvy-a-prilezitosti-zelenej-dohody-v-europe\/#primaryimage\",\"url\":\"https:\/\/www.maxins.sk\/wp-content\/uploads\/2024\/11\/Frame-952.png\",\"contentUrl\":\"https:\/\/www.maxins.sk\/wp-content\/uploads\/2024\/11\/Frame-952.png\",\"width\":1797,\"height\":640},{\"@type\":\"BreadcrumbList\",\"@id\":\"https:\/\/www.maxins.sk\/blog\/erik-maxin-vyzvy-a-prilezitosti-zelenej-dohody-v-europe\/#breadcrumb\",\"itemListElement\":[{\"@type\":\"ListItem\",\"position\":1,\"name\":\"Domovsk\u00e1 str\u00e1nka\",\"item\":\"https:\/\/www.maxins.sk\/en\/\"},{\"@type\":\"ListItem\",\"position\":2,\"name\":\"Erik Maxin: V\u00fdzvy a pr\u00edle\u017eitosti Zelenej dohody v Eur\u00f3pe\"}]},{\"@type\":\"WebSite\",\"@id\":\"https:\/\/www.maxins.sk\/#website\",\"url\":\"https:\/\/www.maxins.sk\/\",\"name\":\"MAXIN\u2019S Person\u00e1lna agent\u00fara\",\"description\":\"\",\"potentialAction\":[{\"@type\":\"SearchAction\",\"target\":{\"@type\":\"EntryPoint\",\"urlTemplate\":\"https:\/\/www.maxins.sk\/?s={search_term_string}\"},\"query-input\":{\"@type\":\"PropertyValueSpecification\",\"valueRequired\":true,\"valueName\":\"search_term_string\"}}],\"inLanguage\":\"en-US\"},{\"@type\":\"Person\",\"@id\":\"https:\/\/www.maxins.sk\/#\/schema\/person\/730d1462a5f5efdb6d48c447e5f9d4c6\",\"name\":\"Jaroslav GECI\",\"image\":{\"@type\":\"ImageObject\",\"inLanguage\":\"en-US\",\"@id\":\"https:\/\/www.maxins.sk\/#\/schema\/person\/image\/\",\"url\":\"https:\/\/secure.gravatar.com\/avatar\/1015efe09a597b72adf12d4a8808f19ef6b713206c4df9ec47b6da08258f4abd?s=96&d=mm&r=g\",\"contentUrl\":\"https:\/\/secure.gravatar.com\/avatar\/1015efe09a597b72adf12d4a8808f19ef6b713206c4df9ec47b6da08258f4abd?s=96&d=mm&r=g\",\"caption\":\"Jaroslav GECI\"},\"url\":\"https:\/\/www.maxins.sk\/en\/blog\/author\/jgecimaxins-sk\/\"}]}<\/script>\n<!-- \/ Yoast SEO plugin. -->","yoast_head_json":{"title":"Erik Maxin: V\u00fdzvy a pr\u00edle\u017eitosti Zelenej dohody v Eur\u00f3pe | MAXIN\u2019S","description":"Erik Maxin hovor\u00ed o v\u00fdzvach a pr\u00edle\u017eitostiach eur\u00f3pskej Zelenej dohody. Ako ovplyv\u0148uj\u00fa energetick\u00e1 kr\u00edza, obnovite\u013en\u00e9 zdroje a ekonomick\u00e1 stabilita bud\u00facnos\u0165 E\u00da?","robots":{"index":"index","follow":"follow","max-snippet":"max-snippet:-1","max-image-preview":"max-image-preview:large","max-video-preview":"max-video-preview:-1"},"canonical":"https:\/\/www.maxins.sk\/blog\/erik-maxin-vyzvy-a-prilezitosti-zelenej-dohody-v-europe\/","og_locale":"en_US","og_type":"article","og_title":"Erik Maxin: V\u00fdzvy a pr\u00edle\u017eitosti Zelenej dohody v Eur\u00f3pe","og_description":"Erik Maxin komentuje v\u00fdzvy eur\u00f3pskej Zelenej dohody. Tv\u00e1rou v tv\u00e1r energetickej kr\u00edze a ekonomick\u00fdm v\u00fdzvam pova\u017euje flexibilitu cie\u013eov za k\u013e\u00fa\u010dov\u00fa pre udr\u017eate\u013enos\u0165 v E\u00da.","og_url":"https:\/\/www.maxins.sk\/blog\/erik-maxin-vyzvy-a-prilezitosti-zelenej-dohody-v-europe\/","og_site_name":"MAXIN&#039;S","article_published_time":"2024-11-09T10:13:14+00:00","article_modified_time":"2025-01-29T14:06:49+00:00","og_image":[{"width":1200,"height":630,"url":"https:\/\/www.maxins.sk\/wp-content\/uploads\/2024\/11\/Frame-949.png","type":"image\/png"}],"author":"Jaroslav GECI","twitter_card":"summary_large_image","twitter_misc":{"Written by":"Jaroslav GECI","Est. reading time":"2 minutes"},"schema":{"@context":"https:\/\/schema.org","@graph":[{"@type":"WebPage","@id":"https:\/\/www.maxins.sk\/blog\/erik-maxin-vyzvy-a-prilezitosti-zelenej-dohody-v-europe\/","url":"https:\/\/www.maxins.sk\/blog\/erik-maxin-vyzvy-a-prilezitosti-zelenej-dohody-v-europe\/","name":"Erik Maxin: V\u00fdzvy a pr\u00edle\u017eitosti Zelenej dohody v Eur\u00f3pe | MAXIN\u2019S","isPartOf":{"@id":"https:\/\/www.maxins.sk\/#website"},"primaryImageOfPage":{"@id":"https:\/\/www.maxins.sk\/blog\/erik-maxin-vyzvy-a-prilezitosti-zelenej-dohody-v-europe\/#primaryimage"},"image":{"@id":"https:\/\/www.maxins.sk\/blog\/erik-maxin-vyzvy-a-prilezitosti-zelenej-dohody-v-europe\/#primaryimage"},"thumbnailUrl":"https:\/\/www.maxins.sk\/wp-content\/uploads\/2024\/11\/Frame-952.png","datePublished":"2024-11-09T10:13:14+00:00","dateModified":"2025-01-29T14:06:49+00:00","author":{"@id":"https:\/\/www.maxins.sk\/#\/schema\/person\/730d1462a5f5efdb6d48c447e5f9d4c6"},"description":"Erik Maxin hovor\u00ed o v\u00fdzvach a pr\u00edle\u017eitostiach eur\u00f3pskej Zelenej dohody. Ako ovplyv\u0148uj\u00fa energetick\u00e1 kr\u00edza, obnovite\u013en\u00e9 zdroje a ekonomick\u00e1 stabilita bud\u00facnos\u0165 E\u00da?","breadcrumb":{"@id":"https:\/\/www.maxins.sk\/blog\/erik-maxin-vyzvy-a-prilezitosti-zelenej-dohody-v-europe\/#breadcrumb"},"inLanguage":"en-US","potentialAction":[{"@type":"ReadAction","target":["https:\/\/www.maxins.sk\/blog\/erik-maxin-vyzvy-a-prilezitosti-zelenej-dohody-v-europe\/"]}]},{"@type":"ImageObject","inLanguage":"en-US","@id":"https:\/\/www.maxins.sk\/blog\/erik-maxin-vyzvy-a-prilezitosti-zelenej-dohody-v-europe\/#primaryimage","url":"https:\/\/www.maxins.sk\/wp-content\/uploads\/2024\/11\/Frame-952.png","contentUrl":"https:\/\/www.maxins.sk\/wp-content\/uploads\/2024\/11\/Frame-952.png","width":1797,"height":640},{"@type":"BreadcrumbList","@id":"https:\/\/www.maxins.sk\/blog\/erik-maxin-vyzvy-a-prilezitosti-zelenej-dohody-v-europe\/#breadcrumb","itemListElement":[{"@type":"ListItem","position":1,"name":"Domovsk\u00e1 str\u00e1nka","item":"https:\/\/www.maxins.sk\/en\/"},{"@type":"ListItem","position":2,"name":"Erik Maxin: V\u00fdzvy a pr\u00edle\u017eitosti Zelenej dohody v Eur\u00f3pe"}]},{"@type":"WebSite","@id":"https:\/\/www.maxins.sk\/#website","url":"https:\/\/www.maxins.sk\/","name":"MAXIN\u2019S Person\u00e1lna agent\u00fara","description":"","potentialAction":[{"@type":"SearchAction","target":{"@type":"EntryPoint","urlTemplate":"https:\/\/www.maxins.sk\/?s={search_term_string}"},"query-input":{"@type":"PropertyValueSpecification","valueRequired":true,"valueName":"search_term_string"}}],"inLanguage":"en-US"},{"@type":"Person","@id":"https:\/\/www.maxins.sk\/#\/schema\/person\/730d1462a5f5efdb6d48c447e5f9d4c6","name":"Jaroslav GECI","image":{"@type":"ImageObject","inLanguage":"en-US","@id":"https:\/\/www.maxins.sk\/#\/schema\/person\/image\/","url":"https:\/\/secure.gravatar.com\/avatar\/1015efe09a597b72adf12d4a8808f19ef6b713206c4df9ec47b6da08258f4abd?s=96&d=mm&r=g","contentUrl":"https:\/\/secure.gravatar.com\/avatar\/1015efe09a597b72adf12d4a8808f19ef6b713206c4df9ec47b6da08258f4abd?s=96&d=mm&r=g","caption":"Jaroslav GECI"},"url":"https:\/\/www.maxins.sk\/en\/blog\/author\/jgecimaxins-sk\/"}]}},"_links":{"self":[{"href":"https:\/\/www.maxins.sk\/en\/wp-json\/wp\/v2\/posts\/9126","targetHints":{"allow":["GET"]}}],"collection":[{"href":"https:\/\/www.maxins.sk\/en\/wp-json\/wp\/v2\/posts"}],"about":[{"href":"https:\/\/www.maxins.sk\/en\/wp-json\/wp\/v2\/types\/post"}],"author":[{"embeddable":true,"href":"https:\/\/www.maxins.sk\/en\/wp-json\/wp\/v2\/users\/15"}],"replies":[{"embeddable":true,"href":"https:\/\/www.maxins.sk\/en\/wp-json\/wp\/v2\/comments?post=9126"}],"version-history":[{"count":4,"href":"https:\/\/www.maxins.sk\/en\/wp-json\/wp\/v2\/posts\/9126\/revisions"}],"predecessor-version":[{"id":9136,"href":"https:\/\/www.maxins.sk\/en\/wp-json\/wp\/v2\/posts\/9126\/revisions\/9136"}],"wp:featuredmedia":[{"embeddable":true,"href":"https:\/\/www.maxins.sk\/en\/wp-json\/wp\/v2\/media\/9129"}],"wp:attachment":[{"href":"https:\/\/www.maxins.sk\/en\/wp-json\/wp\/v2\/media?parent=9126"}],"wp:term":[{"taxonomy":"category","embeddable":true,"href":"https:\/\/www.maxins.sk\/en\/wp-json\/wp\/v2\/categories?post=9126"},{"taxonomy":"post_tag","embeddable":true,"href":"https:\/\/www.maxins.sk\/en\/wp-json\/wp\/v2\/tags?post=9126"}],"curies":[{"name":"wp","href":"https:\/\/api.w.org\/{rel}","templated":true}]}}