{"id":8772,"date":"2024-09-20T11:53:28","date_gmt":"2024-09-20T09:53:28","guid":{"rendered":"https:\/\/www.maxins.sk\/?p=8772"},"modified":"2025-01-29T16:07:30","modified_gmt":"2025-01-29T14:07:30","slug":"zaostava-europa-ekonomicky-a-technologicky-ako-situaciu-riesit","status":"publish","type":"post","link":"https:\/\/www.maxins.sk\/en\/blog\/zaostava-europa-ekonomicky-a-technologicky-ako-situaciu-riesit\/","title":{"rendered":"Zaost\u00e1va Eur\u00f3pa ekonomicky a technologicky? Ako situ\u00e1ciu rie\u0161i\u0165?"},"content":{"rendered":"<h2 class=\"x_MsoNormal\"><b>St\u00e1vka na zelen\u00e9 technol\u00f3gie a jej d\u00f4sledky<\/b><\/h2>\n<p class=\"x_MsoNormal\">Eur\u00f3pa sa rozhodla intenz\u00edvne investova\u0165 do zelen\u00fdch technol\u00f3gi\u00ed, \u010do je z dlhodob\u00e9ho h\u013eadiska spr\u00e1vny krok smerom k udr\u017eate\u013enosti. Av\u0161ak t\u00e1to strat\u00e9gia n\u00e1s paradoxne vohnala do n\u00e1ru\u010dia komunistickej \u010c\u00edny. Mnoh\u00e9 technol\u00f3gie a komponenty potrebn\u00e9 pre zelen\u00fa transform\u00e1ciu s\u00fa toti\u017e vyr\u00e1ban\u00e9 pr\u00e1ve tam. To znamen\u00e1, \u017ee na\u0161a z\u00e1vislos\u0165 na \u00e1zijsk\u00fdch dod\u00e1vkach sa e\u0161te preh\u013abila, \u010do n\u00e1s rob\u00ed zranite\u013en\u00fdmi vo\u010di extern\u00fdm vplyvom.<\/p>\n<h2 class=\"x_MsoNormal\"><b>Nedostatok eur\u00f3pskych technologick\u00fdch l\u00eddrov<\/b><\/h2>\n<p class=\"x_MsoNormal\">Je znepokojuj\u00face, \u017ee \u017eiadna ve\u013ek\u00e1 eur\u00f3pska technologick\u00e1 firma nepatr\u00ed do svetovej \u0161pi\u010dky. Glob\u00e1lnemu trhu dominuj\u00fa americk\u00e9 a \u00e1zijsk\u00e9 spolo\u010dnosti, zatia\u013e \u010do Eur\u00f3pa si udr\u017eiava postavenie hlavne v\u010faka tradi\u010dn\u00fdm automobilk\u00e1m. V \u010dase r\u00fdchlych technologick\u00fdch zmien je v\u0161ak nevyhnutn\u00e9, aby sme mali siln\u00e9 zast\u00fapenie aj v oblastiach ako umel\u00e1 inteligencia, polovodi\u010de \u010di digit\u00e1lne slu\u017eby.<\/p>\n<h2 class=\"x_MsoNormal\"><b>Pand\u00e9mia odhalila na\u0161e slabiny<\/b><\/h2>\n<p class=\"x_MsoNormal\">To, \u017ee Eur\u00f3pa zaost\u00e1va za vyspel\u00fdm svetom, sme jasne videli po\u010das nedostatku polovodi\u010dov pred dvomi rokmi. Obmedzen\u00e9 dod\u00e1vky t\u00fdchto k\u013e\u00fa\u010dov\u00fdch komponentov v\u00fdrazne brzdili priemyseln\u00fa v\u00fdrobu v mnoh\u00fdch odvetviach. T\u00e1to situ\u00e1cia odhalila na\u0161u z\u00e1vislos\u0165 na extern\u00fdch dod\u00e1vate\u013eoch a pouk\u00e1zala na potrebu budova\u0165 vlastn\u00e9 kapacity.<\/p>\n<h2 class=\"x_MsoNormal\"><b>Ako z toho von?<\/b><\/h2>\n<p class=\"x_MsoNormal\">Eur\u00f3pska \u00fania mus\u00ed v\u00fdrazne zamera\u0165 svoju legislat\u00edvu na podporu digitaliz\u00e1cie. To znamen\u00e1 nielen invest\u00edcie do infra\u0161trukt\u00fary, ale aj vytv\u00e1ranie priazniv\u00e9ho podnikate\u013esk\u00e9ho prostredia pre inovat\u00edvne firmy. Rev\u00edzia podnikate\u013esk\u00e9ho prostredia v jednotliv\u00fdch krajin\u00e1ch je nevyhnutn\u00e1 na pril\u00e1kanie a udr\u017eanie talentov, ako aj na podporu dom\u00e1cich podnikov.<\/p>\n<p><img loading=\"lazy\" decoding=\"async\" class=\"alignnone wp-image-8785\" src=\"https:\/\/www.maxins.sk\/wp-content\/uploads\/2024\/09\/Frame-76-300x107.png\" alt=\"\" width=\"2005\" height=\"715\" srcset=\"https:\/\/www.maxins.sk\/wp-content\/uploads\/2024\/09\/Frame-76-300x107.png 300w, https:\/\/www.maxins.sk\/wp-content\/uploads\/2024\/09\/Frame-76-1024x365.png 1024w, https:\/\/www.maxins.sk\/wp-content\/uploads\/2024\/09\/Frame-76-768x274.png 768w, https:\/\/www.maxins.sk\/wp-content\/uploads\/2024\/09\/Frame-76-1536x547.png 1536w, https:\/\/www.maxins.sk\/wp-content\/uploads\/2024\/09\/Frame-76-480x171.png 480w, https:\/\/www.maxins.sk\/wp-content\/uploads\/2024\/09\/Frame-76-992x353.png 992w, https:\/\/www.maxins.sk\/wp-content\/uploads\/2024\/09\/Frame-76-1200x427.png 1200w, https:\/\/www.maxins.sk\/wp-content\/uploads\/2024\/09\/Frame-76.png 1797w\" sizes=\"auto, (max-width: 2005px) 100vw, 2005px\" \/><\/p>\n<h2 class=\"x_MsoNormal\"><b>Vyu\u017eime aktu\u00e1lnu situ\u00e1ciu na transform\u00e1ciu<\/b><\/h2>\n<p class=\"x_MsoNormal\">S\u00fa\u010dasn\u00e1 situ\u00e1cia predstavuje jedine\u010dn\u00fa pr\u00edle\u017eitos\u0165 pre eur\u00f3pske krajiny na na\u0161tartovanie transforma\u010dn\u00fdch procesov. Je d\u00f4le\u017eit\u00e9 naplno vyu\u017ei\u0165 dostupn\u00e9 zdroje a zamera\u0165 sa na oblasti s vysok\u00fdm potenci\u00e1lom rastu. Uprednost\u0148ovanie E\u00da v\u00fdrobkov, podobne ako to robia in\u00e9 \u0161t\u00e1ty, m\u00f4\u017ee pom\u00f4c\u0165 posilni\u0165 dom\u00e1ci trh a podpori\u0165 miestnych v\u00fdrobcov.<\/p>\n<h2 class=\"x_MsoNormal\"><b>Ochrana vn\u00fatorn\u00e9ho trhu a invest\u00edcie do inov\u00e1ci\u00ed<\/b><\/h2>\n<p class=\"x_MsoNormal\">Zv\u00fd\u0161enie ochrany vn\u00fatorn\u00e9ho trhu pred dumpingom z \u00c1zie je k\u013e\u00fa\u010dov\u00e9 pre udr\u017eanie konkurencieschopnosti eur\u00f3pskych firiem. Z\u00e1rove\u0148 je nevyhnutn\u00e9 zv\u00fd\u0161i\u0165 percento hrub\u00e9ho dom\u00e1ceho produktu investovan\u00e9ho do v\u00fdskumu, v\u00fdvoja a inov\u00e1ci\u00ed. Bez dostato\u010dn\u00fdch invest\u00edci\u00ed do t\u00fdchto oblast\u00ed bude Eur\u00f3pa aj na\u010falej zaost\u00e1va\u0165 za glob\u00e1lnymi l\u00eddrami.<\/p>\n","protected":false},"excerpt":{"rendered":"<p>St\u00e1vka na zelen\u00e9 technol\u00f3gie a jej d\u00f4sledky Eur\u00f3pa sa rozhodla intenz\u00edvne investova\u0165 do zelen\u00fdch technol\u00f3gi\u00ed, \u010do je z dlhodob\u00e9ho h\u013eadiska spr\u00e1vny krok smerom k udr\u017eate\u013enosti. Av\u0161ak t\u00e1to strat\u00e9gia n\u00e1s paradoxne vohnala do n\u00e1ru\u010dia komunistickej \u010c\u00edny. Mnoh\u00e9 technol\u00f3gie a komponenty potrebn\u00e9 pre zelen\u00fa transform\u00e1ciu s\u00fa toti\u017e vyr\u00e1ban\u00e9 pr\u00e1ve tam. To znamen\u00e1, \u017ee na\u0161a z\u00e1vislos\u0165 na \u00e1zijsk\u00fdch [&hellip;]<\/p>\n","protected":false},"author":15,"featured_media":8795,"comment_status":"open","ping_status":"open","sticky":false,"template":"","format":"standard","meta":{"_acf_changed":false,"inline_featured_image":false,"footnotes":""},"categories":[14],"tags":[],"class_list":["post-8772","post","type-post","status-publish","format-standard","has-post-thumbnail","hentry","category-maxins-life"],"acf":[],"yoast_head":"<!-- This site is optimized with the Yoast SEO plugin v26.1.1 - https:\/\/yoast.com\/wordpress\/plugins\/seo\/ -->\n<title>Zaost\u00e1va Eur\u00f3pa ekonomicky a technologicky? Ako situ\u00e1ciu rie\u0161i\u0165? - MAXIN&#039;S<\/title>\n<meta name=\"description\" content=\"Eur\u00f3pa intenz\u00edvne investuje do zelen\u00fdch technol\u00f3gi\u00ed, no z\u00e1vislos\u0165 na \u00e1zijsk\u00fdch dod\u00e1vate\u013eoch ju rob\u00ed zranite\u013enou. Tento blog rozober\u00e1 d\u00f4sledky tejto strat\u00e9gie, nedostatok eur\u00f3pskych technologick\u00fdch l\u00eddrov a potrebu transforma\u010dn\u00fdch opatren\u00ed.\" \/>\n<meta name=\"robots\" content=\"index, follow, max-snippet:-1, max-image-preview:large, max-video-preview:-1\" \/>\n<link rel=\"canonical\" href=\"https:\/\/www.maxins.sk\/blog\/zaostava-europa-ekonomicky-a-technologicky-ako-situaciu-riesit\/\" \/>\n<meta property=\"og:locale\" content=\"en_US\" \/>\n<meta property=\"og:type\" content=\"article\" \/>\n<meta property=\"og:title\" content=\"Zaost\u00e1va Eur\u00f3pa ekonomicky a technologicky? Ako situ\u00e1ciu rie\u0161i\u0165?\" \/>\n<meta property=\"og:description\" content=\"Eur\u00f3pa intenz\u00edvne investuje do zelen\u00fdch technol\u00f3gi\u00ed, no z\u00e1vislos\u0165 na \u00e1zijsk\u00fdch dod\u00e1vate\u013eoch ju rob\u00ed zranite\u013enou. Tento blog rozober\u00e1 d\u00f4sledky tejto strat\u00e9gie, nedostatok eur\u00f3pskych technologick\u00fdch l\u00eddrov a potrebu transforma\u010dn\u00fdch opatren\u00ed.\" \/>\n<meta property=\"og:url\" content=\"https:\/\/www.maxins.sk\/blog\/zaostava-europa-ekonomicky-a-technologicky-ako-situaciu-riesit\/\" \/>\n<meta property=\"og:site_name\" content=\"MAXIN&#039;S\" \/>\n<meta property=\"article:published_time\" content=\"2024-09-20T09:53:28+00:00\" \/>\n<meta property=\"article:modified_time\" content=\"2025-01-29T14:07:30+00:00\" \/>\n<meta property=\"og:image\" content=\"https:\/\/www.maxins.sk\/wp-content\/uploads\/2024\/09\/Frame-63-1.png\" \/>\n\t<meta property=\"og:image:width\" content=\"1200\" \/>\n\t<meta property=\"og:image:height\" content=\"630\" \/>\n\t<meta property=\"og:image:type\" content=\"image\/png\" \/>\n<meta name=\"author\" content=\"Jaroslav GECI\" \/>\n<meta name=\"twitter:card\" content=\"summary_large_image\" \/>\n<meta name=\"twitter:label1\" content=\"Written by\" \/>\n\t<meta name=\"twitter:data1\" content=\"Jaroslav GECI\" \/>\n\t<meta name=\"twitter:label2\" content=\"Est. reading time\" \/>\n\t<meta name=\"twitter:data2\" content=\"3 minutes\" \/>\n<script type=\"application\/ld+json\" class=\"yoast-schema-graph\">{\"@context\":\"https:\/\/schema.org\",\"@graph\":[{\"@type\":\"WebPage\",\"@id\":\"https:\/\/www.maxins.sk\/blog\/zaostava-europa-ekonomicky-a-technologicky-ako-situaciu-riesit\/\",\"url\":\"https:\/\/www.maxins.sk\/blog\/zaostava-europa-ekonomicky-a-technologicky-ako-situaciu-riesit\/\",\"name\":\"Zaost\u00e1va Eur\u00f3pa ekonomicky a technologicky? Ako situ\u00e1ciu rie\u0161i\u0165? - MAXIN&#039;S\",\"isPartOf\":{\"@id\":\"https:\/\/www.maxins.sk\/#website\"},\"primaryImageOfPage\":{\"@id\":\"https:\/\/www.maxins.sk\/blog\/zaostava-europa-ekonomicky-a-technologicky-ako-situaciu-riesit\/#primaryimage\"},\"image\":{\"@id\":\"https:\/\/www.maxins.sk\/blog\/zaostava-europa-ekonomicky-a-technologicky-ako-situaciu-riesit\/#primaryimage\"},\"thumbnailUrl\":\"https:\/\/www.maxins.sk\/wp-content\/uploads\/2024\/09\/Frame-75-1.png\",\"datePublished\":\"2024-09-20T09:53:28+00:00\",\"dateModified\":\"2025-01-29T14:07:30+00:00\",\"author\":{\"@id\":\"https:\/\/www.maxins.sk\/#\/schema\/person\/730d1462a5f5efdb6d48c447e5f9d4c6\"},\"description\":\"Eur\u00f3pa intenz\u00edvne investuje do zelen\u00fdch technol\u00f3gi\u00ed, no z\u00e1vislos\u0165 na \u00e1zijsk\u00fdch dod\u00e1vate\u013eoch ju rob\u00ed zranite\u013enou. Tento blog rozober\u00e1 d\u00f4sledky tejto strat\u00e9gie, nedostatok eur\u00f3pskych technologick\u00fdch l\u00eddrov a potrebu transforma\u010dn\u00fdch opatren\u00ed.\",\"breadcrumb\":{\"@id\":\"https:\/\/www.maxins.sk\/blog\/zaostava-europa-ekonomicky-a-technologicky-ako-situaciu-riesit\/#breadcrumb\"},\"inLanguage\":\"en-US\",\"potentialAction\":[{\"@type\":\"ReadAction\",\"target\":[\"https:\/\/www.maxins.sk\/blog\/zaostava-europa-ekonomicky-a-technologicky-ako-situaciu-riesit\/\"]}]},{\"@type\":\"ImageObject\",\"inLanguage\":\"en-US\",\"@id\":\"https:\/\/www.maxins.sk\/blog\/zaostava-europa-ekonomicky-a-technologicky-ako-situaciu-riesit\/#primaryimage\",\"url\":\"https:\/\/www.maxins.sk\/wp-content\/uploads\/2024\/09\/Frame-75-1.png\",\"contentUrl\":\"https:\/\/www.maxins.sk\/wp-content\/uploads\/2024\/09\/Frame-75-1.png\",\"width\":1797,\"height\":640},{\"@type\":\"BreadcrumbList\",\"@id\":\"https:\/\/www.maxins.sk\/blog\/zaostava-europa-ekonomicky-a-technologicky-ako-situaciu-riesit\/#breadcrumb\",\"itemListElement\":[{\"@type\":\"ListItem\",\"position\":1,\"name\":\"Domovsk\u00e1 str\u00e1nka\",\"item\":\"https:\/\/www.maxins.sk\/en\/\"},{\"@type\":\"ListItem\",\"position\":2,\"name\":\"Zaost\u00e1va Eur\u00f3pa ekonomicky a technologicky? Ako situ\u00e1ciu rie\u0161i\u0165?\"}]},{\"@type\":\"WebSite\",\"@id\":\"https:\/\/www.maxins.sk\/#website\",\"url\":\"https:\/\/www.maxins.sk\/\",\"name\":\"MAXIN\u2019S Person\u00e1lna agent\u00fara\",\"description\":\"\",\"potentialAction\":[{\"@type\":\"SearchAction\",\"target\":{\"@type\":\"EntryPoint\",\"urlTemplate\":\"https:\/\/www.maxins.sk\/?s={search_term_string}\"},\"query-input\":{\"@type\":\"PropertyValueSpecification\",\"valueRequired\":true,\"valueName\":\"search_term_string\"}}],\"inLanguage\":\"en-US\"},{\"@type\":\"Person\",\"@id\":\"https:\/\/www.maxins.sk\/#\/schema\/person\/730d1462a5f5efdb6d48c447e5f9d4c6\",\"name\":\"Jaroslav GECI\",\"image\":{\"@type\":\"ImageObject\",\"inLanguage\":\"en-US\",\"@id\":\"https:\/\/www.maxins.sk\/#\/schema\/person\/image\/\",\"url\":\"https:\/\/secure.gravatar.com\/avatar\/1015efe09a597b72adf12d4a8808f19ef6b713206c4df9ec47b6da08258f4abd?s=96&d=mm&r=g\",\"contentUrl\":\"https:\/\/secure.gravatar.com\/avatar\/1015efe09a597b72adf12d4a8808f19ef6b713206c4df9ec47b6da08258f4abd?s=96&d=mm&r=g\",\"caption\":\"Jaroslav GECI\"},\"url\":\"https:\/\/www.maxins.sk\/en\/blog\/author\/jgecimaxins-sk\/\"}]}<\/script>\n<!-- \/ Yoast SEO plugin. -->","yoast_head_json":{"title":"Zaost\u00e1va Eur\u00f3pa ekonomicky a technologicky? Ako situ\u00e1ciu rie\u0161i\u0165? - MAXIN&#039;S","description":"Eur\u00f3pa intenz\u00edvne investuje do zelen\u00fdch technol\u00f3gi\u00ed, no z\u00e1vislos\u0165 na \u00e1zijsk\u00fdch dod\u00e1vate\u013eoch ju rob\u00ed zranite\u013enou. Tento blog rozober\u00e1 d\u00f4sledky tejto strat\u00e9gie, nedostatok eur\u00f3pskych technologick\u00fdch l\u00eddrov a potrebu transforma\u010dn\u00fdch opatren\u00ed.","robots":{"index":"index","follow":"follow","max-snippet":"max-snippet:-1","max-image-preview":"max-image-preview:large","max-video-preview":"max-video-preview:-1"},"canonical":"https:\/\/www.maxins.sk\/blog\/zaostava-europa-ekonomicky-a-technologicky-ako-situaciu-riesit\/","og_locale":"en_US","og_type":"article","og_title":"Zaost\u00e1va Eur\u00f3pa ekonomicky a technologicky? Ako situ\u00e1ciu rie\u0161i\u0165?","og_description":"Eur\u00f3pa intenz\u00edvne investuje do zelen\u00fdch technol\u00f3gi\u00ed, no z\u00e1vislos\u0165 na \u00e1zijsk\u00fdch dod\u00e1vate\u013eoch ju rob\u00ed zranite\u013enou. Tento blog rozober\u00e1 d\u00f4sledky tejto strat\u00e9gie, nedostatok eur\u00f3pskych technologick\u00fdch l\u00eddrov a potrebu transforma\u010dn\u00fdch opatren\u00ed.","og_url":"https:\/\/www.maxins.sk\/blog\/zaostava-europa-ekonomicky-a-technologicky-ako-situaciu-riesit\/","og_site_name":"MAXIN&#039;S","article_published_time":"2024-09-20T09:53:28+00:00","article_modified_time":"2025-01-29T14:07:30+00:00","og_image":[{"width":1200,"height":630,"url":"https:\/\/www.maxins.sk\/wp-content\/uploads\/2024\/09\/Frame-63-1.png","type":"image\/png"}],"author":"Jaroslav GECI","twitter_card":"summary_large_image","twitter_misc":{"Written by":"Jaroslav GECI","Est. reading time":"3 minutes"},"schema":{"@context":"https:\/\/schema.org","@graph":[{"@type":"WebPage","@id":"https:\/\/www.maxins.sk\/blog\/zaostava-europa-ekonomicky-a-technologicky-ako-situaciu-riesit\/","url":"https:\/\/www.maxins.sk\/blog\/zaostava-europa-ekonomicky-a-technologicky-ako-situaciu-riesit\/","name":"Zaost\u00e1va Eur\u00f3pa ekonomicky a technologicky? Ako situ\u00e1ciu rie\u0161i\u0165? - MAXIN&#039;S","isPartOf":{"@id":"https:\/\/www.maxins.sk\/#website"},"primaryImageOfPage":{"@id":"https:\/\/www.maxins.sk\/blog\/zaostava-europa-ekonomicky-a-technologicky-ako-situaciu-riesit\/#primaryimage"},"image":{"@id":"https:\/\/www.maxins.sk\/blog\/zaostava-europa-ekonomicky-a-technologicky-ako-situaciu-riesit\/#primaryimage"},"thumbnailUrl":"https:\/\/www.maxins.sk\/wp-content\/uploads\/2024\/09\/Frame-75-1.png","datePublished":"2024-09-20T09:53:28+00:00","dateModified":"2025-01-29T14:07:30+00:00","author":{"@id":"https:\/\/www.maxins.sk\/#\/schema\/person\/730d1462a5f5efdb6d48c447e5f9d4c6"},"description":"Eur\u00f3pa intenz\u00edvne investuje do zelen\u00fdch technol\u00f3gi\u00ed, no z\u00e1vislos\u0165 na \u00e1zijsk\u00fdch dod\u00e1vate\u013eoch ju rob\u00ed zranite\u013enou. Tento blog rozober\u00e1 d\u00f4sledky tejto strat\u00e9gie, nedostatok eur\u00f3pskych technologick\u00fdch l\u00eddrov a potrebu transforma\u010dn\u00fdch opatren\u00ed.","breadcrumb":{"@id":"https:\/\/www.maxins.sk\/blog\/zaostava-europa-ekonomicky-a-technologicky-ako-situaciu-riesit\/#breadcrumb"},"inLanguage":"en-US","potentialAction":[{"@type":"ReadAction","target":["https:\/\/www.maxins.sk\/blog\/zaostava-europa-ekonomicky-a-technologicky-ako-situaciu-riesit\/"]}]},{"@type":"ImageObject","inLanguage":"en-US","@id":"https:\/\/www.maxins.sk\/blog\/zaostava-europa-ekonomicky-a-technologicky-ako-situaciu-riesit\/#primaryimage","url":"https:\/\/www.maxins.sk\/wp-content\/uploads\/2024\/09\/Frame-75-1.png","contentUrl":"https:\/\/www.maxins.sk\/wp-content\/uploads\/2024\/09\/Frame-75-1.png","width":1797,"height":640},{"@type":"BreadcrumbList","@id":"https:\/\/www.maxins.sk\/blog\/zaostava-europa-ekonomicky-a-technologicky-ako-situaciu-riesit\/#breadcrumb","itemListElement":[{"@type":"ListItem","position":1,"name":"Domovsk\u00e1 str\u00e1nka","item":"https:\/\/www.maxins.sk\/en\/"},{"@type":"ListItem","position":2,"name":"Zaost\u00e1va Eur\u00f3pa ekonomicky a technologicky? Ako situ\u00e1ciu rie\u0161i\u0165?"}]},{"@type":"WebSite","@id":"https:\/\/www.maxins.sk\/#website","url":"https:\/\/www.maxins.sk\/","name":"MAXIN\u2019S Person\u00e1lna agent\u00fara","description":"","potentialAction":[{"@type":"SearchAction","target":{"@type":"EntryPoint","urlTemplate":"https:\/\/www.maxins.sk\/?s={search_term_string}"},"query-input":{"@type":"PropertyValueSpecification","valueRequired":true,"valueName":"search_term_string"}}],"inLanguage":"en-US"},{"@type":"Person","@id":"https:\/\/www.maxins.sk\/#\/schema\/person\/730d1462a5f5efdb6d48c447e5f9d4c6","name":"Jaroslav GECI","image":{"@type":"ImageObject","inLanguage":"en-US","@id":"https:\/\/www.maxins.sk\/#\/schema\/person\/image\/","url":"https:\/\/secure.gravatar.com\/avatar\/1015efe09a597b72adf12d4a8808f19ef6b713206c4df9ec47b6da08258f4abd?s=96&d=mm&r=g","contentUrl":"https:\/\/secure.gravatar.com\/avatar\/1015efe09a597b72adf12d4a8808f19ef6b713206c4df9ec47b6da08258f4abd?s=96&d=mm&r=g","caption":"Jaroslav GECI"},"url":"https:\/\/www.maxins.sk\/en\/blog\/author\/jgecimaxins-sk\/"}]}},"_links":{"self":[{"href":"https:\/\/www.maxins.sk\/en\/wp-json\/wp\/v2\/posts\/8772","targetHints":{"allow":["GET"]}}],"collection":[{"href":"https:\/\/www.maxins.sk\/en\/wp-json\/wp\/v2\/posts"}],"about":[{"href":"https:\/\/www.maxins.sk\/en\/wp-json\/wp\/v2\/types\/post"}],"author":[{"embeddable":true,"href":"https:\/\/www.maxins.sk\/en\/wp-json\/wp\/v2\/users\/15"}],"replies":[{"embeddable":true,"href":"https:\/\/www.maxins.sk\/en\/wp-json\/wp\/v2\/comments?post=8772"}],"version-history":[{"count":9,"href":"https:\/\/www.maxins.sk\/en\/wp-json\/wp\/v2\/posts\/8772\/revisions"}],"predecessor-version":[{"id":8800,"href":"https:\/\/www.maxins.sk\/en\/wp-json\/wp\/v2\/posts\/8772\/revisions\/8800"}],"wp:featuredmedia":[{"embeddable":true,"href":"https:\/\/www.maxins.sk\/en\/wp-json\/wp\/v2\/media\/8795"}],"wp:attachment":[{"href":"https:\/\/www.maxins.sk\/en\/wp-json\/wp\/v2\/media?parent=8772"}],"wp:term":[{"taxonomy":"category","embeddable":true,"href":"https:\/\/www.maxins.sk\/en\/wp-json\/wp\/v2\/categories?post=8772"},{"taxonomy":"post_tag","embeddable":true,"href":"https:\/\/www.maxins.sk\/en\/wp-json\/wp\/v2\/tags?post=8772"}],"curies":[{"name":"wp","href":"https:\/\/api.w.org\/{rel}","templated":true}]}}