{"id":11300,"date":"2026-01-28T13:26:55","date_gmt":"2026-01-28T11:26:55","guid":{"rendered":"https:\/\/www.maxins.sk\/?p=11300"},"modified":"2026-01-28T16:17:29","modified_gmt":"2026-01-28T14:17:29","slug":"28-januar-den-ochrany-osobnych-udajov-preco-je-gdpr-dolezitejsie-nez-kedykolvek","status":"publish","type":"post","link":"https:\/\/www.maxins.sk\/en\/blog\/28-januar-den-ochrany-osobnych-udajov-preco-je-gdpr-dolezitejsie-nez-kedykolvek\/","title":{"rendered":"28. janu\u00e1r \u2013 De\u0148 ochrany osobn\u00fdch \u00fadajov: Pre\u010do je GDPR d\u00f4le\u017eitej\u0161ie ne\u017e kedyko\u013evek"},"content":{"rendered":"<p>V s\u00fa\u010dasnej dobe, ke\u010f mobiln\u00e9 aplik\u00e1cie zbieraj\u00fa obrovsk\u00e9 mno\u017estvo \u00fadajov o spr\u00e1van\u00ed, polohe \u010di osobn\u00fdch preferenci\u00e1ch pou\u017e\u00edvate\u013eov, by malo by\u0165 zabezpe\u010denie inform\u00e1ci\u00ed pre ka\u017ed\u00e9ho jedn\u00e9ho z n\u00e1s absol\u00fatnou prioritou.<\/p>\n<p><strong>Aby tomu tak skuto\u010dne bolo, mus\u00edme pozna\u0165 z\u00e1konn\u00e9 mantinely a zvy\u0161ova\u0165 svoje pr\u00e1vne povedomie.<\/strong> Preto\u017ee neznalos\u0165 z\u00e1kona neospravedl\u0148uje, nikoho.<\/p>\n<h2>Legislat\u00edvny r\u00e1mec na Slovensku<\/h2>\n<p>Na \u00farovni Slovenskej republiky je ochrana osobn\u00fdch \u00fadajov fyzick\u00fdch os\u00f4b upraven\u00e1:<\/p>\n<ul>\n<li><strong>Z\u00e1kon \u010d. 18\/2018 Z. z. <\/strong>o ochrane osobn\u00fdch \u00fadajov a o zmene a doplnen\u00ed niektor\u00fdch z\u00e1konov<\/li>\n<li><strong>Vyhl\u00e1\u0161ka \u00daradu na ochranu osobn\u00fdch \u00fadajov SR \u010d. 158\/2018 Z. z. <\/strong>o postupe pri posudzovan\u00ed vplyvu na ochranu osobn\u00fdch \u00fadajov<\/li>\n<li><strong>NARIADENIE EUR\u00d3PSKEHO PARLAMENTU A RADY (E\u00da) 2016\/679 <\/strong>z 27. apr\u00edla 2016 o ochrane fyzick\u00fdch os\u00f4b pri sprac\u00favan\u00ed osobn\u00fdch \u00fadajov a o vo\u013enom pohybe tak\u00fdchto \u00fadajov, ktor\u00fdm sa zru\u0161uje smernica 95\/46\/ES (v\u0161eobecn\u00e9 nariadenie o ochrane \u00fadajov)<\/li>\n<\/ul>\n<h2>T\u00fdka sa ma to pri be\u017enom \u017eivote?<\/h2>\n<p><strong>\u00c1no, mo\u017eno viac ako si mysl\u00edme. <\/strong>Ochrana osobn\u00fdch \u00fadajov nie je trend, ale dlhodob\u00e1 potreba. Je to o bezpe\u010dnosti, d\u00f4vere a o kontrole nad t\u00fdm, \u010do o n\u00e1s kto vie.<\/p>\n<p>V dobe soci\u00e1lnych siet\u00ed, kde u\u017e\u00edvate\u013emi s\u00fa aj malolet\u00ed, je tento de\u0148 skvelou pr\u00edle\u017eitos\u0165ou zamyslie\u0165 sa nad nieko\u013ek\u00fdmi k\u013e\u00fa\u010dov\u00fdmi ot\u00e1zkami:<\/p>\n<ul>\n<li>Ak\u00e9 \u00fadaje o sebe zdie\u013eam, na ak\u00fdch platform\u00e1ch som o sebe zdie\u013eal svoje osobn\u00e9 \u00fadaje?<\/li>\n<li>Uvedomujem si, na \u010do v\u0161etko som poskytol osobn\u00fd s\u00fahlas?<\/li>\n<li>Ako s\u00fa chr\u00e1nen\u00e9 moje pracovn\u00e9 aj s\u00fakromn\u00e9 d\u00e1ta, ak pou\u017e\u00edvam pracovn\u00fd notebook na s\u00fakromn\u00fd \u00fa\u010del?<\/li>\n<li>Vyu\u017e\u00edvam bezpe\u010dn\u00e9 hesl\u00e1 a dvojfaktorov\u00e9 overenie?<\/li>\n<li>Rozumiem kto je dotknutou osobou a kto je prev\u00e1dzkovate\u013eom?<\/li>\n<li>Pozn\u00e1m svoje pr\u00e1va a povinnosti?<\/li>\n<\/ul>\n<p><strong>Ak na vy\u0161\u0161ie uveden\u00e9 ot\u00e1zky nem\u00e1m odpove\u010f, je na \u010dase sa zamyslie\u0165. <\/strong>V opa\u010dnom pr\u00edpade len pln\u00edme svojimi osobn\u00fdmi \u00fadajmi digit\u00e1lny svet, kde absentuje ak\u00e1ko\u013evek bezpe\u010dnos\u0165 n\u00e1\u0161ho s\u00fakromia.<\/p>\n<h2>Monitorovan\u00e9 priestory \u2013 \u010do si neuvedomujeme<\/h2>\n<p>\u010eal\u0161\u00edm miestom, s ktor\u00fdm ka\u017edodenne prich\u00e1dzame do kontaktu, s\u00fa miesta monitorovan\u00e9 kamerov\u00fdm syst\u00e9mom. St\u00e1le si neuvedomujeme, \u017ee tak\u00e9to monitorovanie podlieha pr\u00edsnej legislat\u00edve a nie je samozrejmos\u0165ou na ochranu bezpe\u010dnosti.<\/p>\n<p><strong>V\u017edy je nevyhnutn\u00e9 zadefinova\u0165 \u00fa\u010del sn\u00edmania<\/strong> \u2013 napr\u00edklad ochrana majetku, zdravia, odha\u013eovanie kriminality. \u00da\u010del mus\u00ed by\u0165 opr\u00e1vnen\u00fd, skuto\u010dn\u00fd a konkr\u00e9tny.<\/p>\n<p><strong>Monitorovan\u00e9 miesto mus\u00ed by\u0165 v\u017edy ozna\u010den\u00e9<\/strong> s presn\u00fdm ozna\u010den\u00edm prev\u00e1dzkovate\u013ea a \u00fa\u010delu, vidite\u013en\u00e9 a umiesten\u00e9 pred vstupom do budovy, \u010di in\u00e9ho priestoru.<\/p>\n<p><strong>Z\u00e1znamy m\u00f4\u017eu by\u0165 uchov\u00e1van\u00e9 len po dobu nevyhnutne potrebn\u00fa<\/strong> na dosiahnutie \u00fa\u010delu, spravidla maxim\u00e1lne 72 hod\u00edn.<\/p>\n<h2>Posilnilo sa pr\u00e1vo jednotlivcov vo vz\u0165ahu k osobn\u00fdm \u00fadajom?<\/h2>\n<p><strong>Rozhodne, a to pr\u00e1vom na pr\u00edstup k \u00fadajom,<\/strong> ktor\u00e9 umo\u017e\u0148uje dotknutej osobe z\u00edska\u0165 inform\u00e1cie o tom, ak\u00e9 \u00fadaje o nej s\u00fa sprac\u00favan\u00e9, na ak\u00fd \u00fa\u010del a ako dlho.<\/p>\n<p>Jednotlivcom to zabezpe\u010dilo transparentnos\u0165 v sprac\u00favan\u00ed ich osobn\u00fdch \u00fadajov a umo\u017e\u0148uje im kontrolova\u0165, ako s ich inform\u00e1ciami nar\u00e1baj\u00fa firmy alebo in\u00e9 organiz\u00e1cie.<\/p>\n<p><strong>\u010eal\u0161ie pr\u00e1va, ktor\u00e9 m\u00e1me:<\/strong><\/p>\n<ul>\n<li><strong>Pr\u00e1vo na opravu <\/strong>nespr\u00e1vnych alebo ne\u00fapln\u00fdch osobn\u00fdch \u00fadajov<\/li>\n<li><strong>Pr\u00e1vo na v\u00fdmaz <\/strong>(&#8220;pr\u00e1vo by\u0165 zabudnut\u00fd&#8221;) za ur\u010dit\u00fdch podmienok<\/li>\n<li><strong>Pr\u00e1vo na prenosnos\u0165 \u00fadajov <\/strong>v \u0161trukt\u00farovanej forme k in\u00e9mu prev\u00e1dzkovate\u013eovi<\/li>\n<li><strong>Pr\u00e1vo namieta\u0165 <\/strong>proti sprac\u00favaniu \u00fadajov na \u00fa\u010dely priameho marketingu<\/li>\n<\/ul>\n<h2>\u010co by sme odporu\u010dili firm\u00e1m?<\/h2>\n<p><strong>Anna Broz\u00e1k, ktor\u00e1 m\u00e1 na starosti agendu GDPR v spolo\u010dnosti MAXIN&#8217;S:<\/strong><\/p>\n<p><em>&#8220;Nenecha\u0165 tak d\u00f4le\u017eit\u00fa agendu len vo vlastnej r\u00e9\u017eii. Obr\u00e1ti\u0165 sa na odborn\u00edkov, preto\u017ee prev\u00e1dzkovatelia zohr\u00e1vaj\u00fa k\u013e\u00fa\u010dov\u00fa \u00falohu pri zabezpe\u010dovan\u00ed ochrany. Spr\u00e1vne a v\u010dasn\u00e9 reakcie, pripraven\u00fd intern\u00fd postup, know-how pre z\u00edskavanie \u00fadajov, \u0161abl\u00f3nu odpovede a kvalifikovan\u00fd person\u00e1l s\u00fa pre spr\u00e1vne fungovanie nevyhnutn\u00e9.&#8221;<\/em><\/p>\n<p><strong>Anna B.<\/strong> \u010falej vysvet\u013euje, \u017ee ak bude GDPR vo firm\u00e1ch spr\u00e1vne uchopen\u00e9, dok\u00e1\u017ee firma minimalizova\u0165 rizik\u00e1 spojen\u00e9 s GDPR (vr\u00e1tane vysok\u00fdch pok\u00fat) a z\u00e1rove\u0148 posilni\u0165 svoju reput\u00e1ciu v o\u010diach verejnosti.<\/p>\n<h2>\u010co odpor\u00fa\u010dame jednotlivcom?<\/h2>\n<p><em>&#8220;Jednotlivcom odpor\u00fa\u010dam, aby menej d\u00f4verovali, \u010d\u00edtali a neodklik\u00e1vali s\u00fahlas automaticky.&#8221; &#8211; A. Broz\u00e1k<\/em><\/p>\n<p>Ka\u017ed\u00fd automatick\u00fd s\u00fahlas, ktor\u00fd poskytujeme bez rozmyslu, m\u00f4\u017ee znamena\u0165 odovzdanie cenn\u00fdch inform\u00e1ci\u00ed tret\u00edm stran\u00e1m. Preto je d\u00f4le\u017eit\u00e9:<\/p>\n<ul>\n<li><strong>V\u017edy si pre\u010d\u00edta\u0165 podmienky <\/strong>pred kliknut\u00edm na &#8220;S\u00fahlas\u00edm&#8221;<\/li>\n<li><strong>Poskytova\u0165 len nevyhnutn\u00e9 \u00fadaje, <\/strong>nie v\u0161etko, \u010do formul\u00e1r po\u017eaduje<\/li>\n<li><strong>Pravidelne kontrolova\u0165 nastavenia s\u00fakromia <\/strong>na soci\u00e1lnych sie\u0165ach a v aplik\u00e1ci\u00e1ch<\/li>\n<li><strong>Pou\u017e\u00edva\u0165 siln\u00e9 hesl\u00e1 a dvojfaktorov\u00e9 overenie <\/strong>pre v\u0161etky d\u00f4le\u017eit\u00e9 \u00fa\u010dty<\/li>\n<li><strong>By\u0165 obozretn\u00fd pri pou\u017e\u00edvan\u00ed pracovn\u00e9ho zariadenia <\/strong>na s\u00fakromn\u00e9 \u00fa\u010dely<\/li>\n<\/ul>\n<h2><\/h2>\n<p>De\u0148 ochrany osobn\u00fdch \u00fadajov je viac ako len symbolick\u00fd sviatok. Je to pripomienka, \u017ee v digit\u00e1lnej \u00e9re je ochrana s\u00fakromia z\u00e1kladn\u00fdm \u013eudsk\u00fdm pr\u00e1vom.<\/p>\n<p><strong>Mus\u00edme si uvedomi\u0165, \u017ee ka\u017ed\u00e9 na\u0161e kliknutie, ka\u017ed\u00e1 registr\u00e1cia a ka\u017ed\u00fd s\u00fahlas m\u00e1 v\u00fdznam. <\/strong>V dobe, ke\u010f d\u00e1ta predstavuj\u00fa najcennej\u0161\u00ed tovar, nem\u00f4\u017eeme si dovoli\u0165 pasivitu.<\/p>\n<p>\u010ci u\u017e sme jednotlivci, zamestnanci alebo firmy, m\u00e1me zodpovednos\u0165 stara\u0165 sa o to, aby na\u0161e osobn\u00e9 \u00fadaje neboli zneu\u017eit\u00e9. Ochrana osobn\u00fdch \u00fadajov nie je len ot\u00e1zkou legislat\u00edvy \u2013 je to ot\u00e1zka kult\u00fary, povedomia a zodpovednosti ka\u017ed\u00e9ho z n\u00e1s.<\/p>\n<p>\u2500\u2500\u2500\u2500\u2500\u2500\u2500\u2500\u2500\u2500\u2500\u2500\u2500\u2500\u2500\u2500\u2500\u2500\u2500\u2500\u2500\u2500\u2500\u2500\u2500\u2500\u2500\u2500\u2500\u2500\u2500\u2500\u2500\u2500\u2500\u2500\u2500<\/p>\n<p><strong>Ak\u00e1 je va\u0161a sk\u00fasenos\u0165 s ochranou osobn\u00fdch \u00fadajov? <\/strong>Stretli ste sa niekedy so zneu\u017eit\u00edm va\u0161ich \u00fadajov? M\u00e1te ot\u00e1zky k GDPR alebo k va\u0161im pr\u00e1vam?<\/p>\n<p>&nbsp;<\/p>\n<p><iframe loading=\"lazy\" title=\"YouTube video player\" data-cookieconsent=\"preferences, statistics, marketing\" data-src=\"https:\/\/www.youtube.com\/embed\/al6AEUE4SAM?si=7av03JBx9r86uFCY\" width=\"360\" height=\"350\" frameborder=\"0\" allowfullscreen=\"allowfullscreen\"><\/iframe><div class=\"cookieconsent-optout-preferences cookieconsent-optout-statistics cookieconsent-optout-marketing\"><\/div><\/p>\n","protected":false},"excerpt":{"rendered":"<p>V s\u00fa\u010dasnej dobe, ke\u010f mobiln\u00e9 aplik\u00e1cie zbieraj\u00fa obrovsk\u00e9 mno\u017estvo \u00fadajov o spr\u00e1van\u00ed, polohe \u010di osobn\u00fdch preferenci\u00e1ch pou\u017e\u00edvate\u013eov, by malo by\u0165 zabezpe\u010denie inform\u00e1ci\u00ed pre ka\u017ed\u00e9ho jedn\u00e9ho z n\u00e1s absol\u00fatnou prioritou. Aby tomu tak skuto\u010dne bolo, mus\u00edme pozna\u0165 z\u00e1konn\u00e9 mantinely a zvy\u0161ova\u0165 svoje pr\u00e1vne povedomie. Preto\u017ee neznalos\u0165 z\u00e1kona neospravedl\u0148uje, nikoho. Legislat\u00edvny r\u00e1mec na Slovensku Na \u00farovni Slovenskej [&hellip;]<\/p>\n","protected":false},"author":22,"featured_media":11305,"comment_status":"closed","ping_status":"closed","sticky":false,"template":"","format":"standard","meta":{"_acf_changed":false,"inline_featured_image":false,"footnotes":""},"categories":[84],"tags":[],"class_list":["post-11300","post","type-post","status-publish","format-standard","has-post-thumbnail","hentry","category-maxins-news"],"acf":[],"yoast_head":"<!-- This site is optimized with the Yoast SEO plugin v26.1.1 - https:\/\/yoast.com\/wordpress\/plugins\/seo\/ -->\n<title>28. janu\u00e1r \u2013 De\u0148 ochrany osobn\u00fdch \u00fadajov: Pre\u010do je GDPR d\u00f4le\u017eitej\u0161ie ne\u017e kedyko\u013evek - MAXIN&#039;S<\/title>\n<meta name=\"description\" content=\"Pripom\u00edname si De\u0148 ochrany osobn\u00fdch \u00fadajov. Zistite, ako chr\u00e1ni\u0165 svoje d\u00e1ta, \u010do hovor\u00ed GDPR a ak\u00e9 m\u00e1te pr\u00e1va. Praktick\u00fd sprievodca pre firmy aj jednotlivcov s odpor\u00fa\u010daniami odborn\u00edkov.\" \/>\n<meta name=\"robots\" content=\"index, follow, max-snippet:-1, max-image-preview:large, max-video-preview:-1\" \/>\n<link rel=\"canonical\" href=\"https:\/\/www.maxins.sk\/blog\/28-januar-den-ochrany-osobnych-udajov-preco-je-gdpr-dolezitejsie-nez-kedykolvek\/\" \/>\n<meta property=\"og:locale\" content=\"en_US\" \/>\n<meta property=\"og:type\" content=\"article\" \/>\n<meta property=\"og:title\" content=\"28. janu\u00e1r \u2013 De\u0148 ochrany osobn\u00fdch \u00fadajov: Pre\u010do je GDPR d\u00f4le\u017eitej\u0161ie ne\u017e kedyko\u013evek\" \/>\n<meta property=\"og:description\" content=\"Pripom\u00edname si De\u0148 ochrany osobn\u00fdch \u00fadajov. Zistite, ako chr\u00e1ni\u0165 svoje d\u00e1ta, \u010do hovor\u00ed GDPR a ak\u00e9 m\u00e1te pr\u00e1va. Praktick\u00fd sprievodca pre firmy aj jednotlivcov s odpor\u00fa\u010daniami odborn\u00edkov.\" \/>\n<meta property=\"og:url\" content=\"https:\/\/www.maxins.sk\/blog\/28-januar-den-ochrany-osobnych-udajov-preco-je-gdpr-dolezitejsie-nez-kedykolvek\/\" \/>\n<meta property=\"og:site_name\" content=\"MAXIN&#039;S\" \/>\n<meta property=\"article:published_time\" content=\"2026-01-28T11:26:55+00:00\" \/>\n<meta property=\"article:modified_time\" content=\"2026-01-28T14:17:29+00:00\" \/>\n<meta property=\"og:image\" content=\"https:\/\/www.maxins.sk\/wp-content\/uploads\/2026\/01\/28.-januar-\u2013-Den-ochrany-osobnych-udajov_-Preco-je-GDPR-dolezitejsie-nez-kedykolvek-1.png\" \/>\n\t<meta property=\"og:image:width\" content=\"1200\" \/>\n\t<meta property=\"og:image:height\" content=\"630\" \/>\n\t<meta property=\"og:image:type\" content=\"image\/png\" \/>\n<meta name=\"author\" content=\"Simona \u0160oltysov\u00e1\" \/>\n<meta name=\"twitter:card\" content=\"summary_large_image\" \/>\n<meta name=\"twitter:label1\" content=\"Written by\" \/>\n\t<meta name=\"twitter:data1\" content=\"Simona \u0160oltysov\u00e1\" \/>\n\t<meta name=\"twitter:label2\" content=\"Est. reading time\" \/>\n\t<meta name=\"twitter:data2\" content=\"5 minutes\" \/>\n<script type=\"application\/ld+json\" class=\"yoast-schema-graph\">{\"@context\":\"https:\/\/schema.org\",\"@graph\":[{\"@type\":\"WebPage\",\"@id\":\"https:\/\/www.maxins.sk\/blog\/28-januar-den-ochrany-osobnych-udajov-preco-je-gdpr-dolezitejsie-nez-kedykolvek\/\",\"url\":\"https:\/\/www.maxins.sk\/blog\/28-januar-den-ochrany-osobnych-udajov-preco-je-gdpr-dolezitejsie-nez-kedykolvek\/\",\"name\":\"28. janu\u00e1r \u2013 De\u0148 ochrany osobn\u00fdch \u00fadajov: Pre\u010do je GDPR d\u00f4le\u017eitej\u0161ie ne\u017e kedyko\u013evek - MAXIN&#039;S\",\"isPartOf\":{\"@id\":\"https:\/\/www.maxins.sk\/#website\"},\"primaryImageOfPage\":{\"@id\":\"https:\/\/www.maxins.sk\/blog\/28-januar-den-ochrany-osobnych-udajov-preco-je-gdpr-dolezitejsie-nez-kedykolvek\/#primaryimage\"},\"image\":{\"@id\":\"https:\/\/www.maxins.sk\/blog\/28-januar-den-ochrany-osobnych-udajov-preco-je-gdpr-dolezitejsie-nez-kedykolvek\/#primaryimage\"},\"thumbnailUrl\":\"https:\/\/www.maxins.sk\/wp-content\/uploads\/2026\/01\/ChatGPT-Image-28.-1.-2026-10_21_20.png\",\"datePublished\":\"2026-01-28T11:26:55+00:00\",\"dateModified\":\"2026-01-28T14:17:29+00:00\",\"author\":{\"@id\":\"https:\/\/www.maxins.sk\/#\/schema\/person\/c7720740a4f2f5a99e76d92eeea08b2c\"},\"description\":\"Pripom\u00edname si De\u0148 ochrany osobn\u00fdch \u00fadajov. Zistite, ako chr\u00e1ni\u0165 svoje d\u00e1ta, \u010do hovor\u00ed GDPR a ak\u00e9 m\u00e1te pr\u00e1va. Praktick\u00fd sprievodca pre firmy aj jednotlivcov s odpor\u00fa\u010daniami odborn\u00edkov.\",\"breadcrumb\":{\"@id\":\"https:\/\/www.maxins.sk\/blog\/28-januar-den-ochrany-osobnych-udajov-preco-je-gdpr-dolezitejsie-nez-kedykolvek\/#breadcrumb\"},\"inLanguage\":\"en-US\",\"potentialAction\":[{\"@type\":\"ReadAction\",\"target\":[\"https:\/\/www.maxins.sk\/blog\/28-januar-den-ochrany-osobnych-udajov-preco-je-gdpr-dolezitejsie-nez-kedykolvek\/\"]}]},{\"@type\":\"ImageObject\",\"inLanguage\":\"en-US\",\"@id\":\"https:\/\/www.maxins.sk\/blog\/28-januar-den-ochrany-osobnych-udajov-preco-je-gdpr-dolezitejsie-nez-kedykolvek\/#primaryimage\",\"url\":\"https:\/\/www.maxins.sk\/wp-content\/uploads\/2026\/01\/ChatGPT-Image-28.-1.-2026-10_21_20.png\",\"contentUrl\":\"https:\/\/www.maxins.sk\/wp-content\/uploads\/2026\/01\/ChatGPT-Image-28.-1.-2026-10_21_20.png\",\"width\":1536,\"height\":1024,\"caption\":\"28. janua\u0301r \u2013 Den\u030c ochrany osobny\u0301ch u\u0301dajov_ Prec\u030co je GDPR do\u0302lez\u030citejs\u030cie nez\u030c kedykol\u030cvek-3\"},{\"@type\":\"BreadcrumbList\",\"@id\":\"https:\/\/www.maxins.sk\/blog\/28-januar-den-ochrany-osobnych-udajov-preco-je-gdpr-dolezitejsie-nez-kedykolvek\/#breadcrumb\",\"itemListElement\":[{\"@type\":\"ListItem\",\"position\":1,\"name\":\"Domovsk\u00e1 str\u00e1nka\",\"item\":\"https:\/\/www.maxins.sk\/en\/\"},{\"@type\":\"ListItem\",\"position\":2,\"name\":\"28. janu\u00e1r \u2013 De\u0148 ochrany osobn\u00fdch \u00fadajov: Pre\u010do je GDPR d\u00f4le\u017eitej\u0161ie ne\u017e kedyko\u013evek\"}]},{\"@type\":\"WebSite\",\"@id\":\"https:\/\/www.maxins.sk\/#website\",\"url\":\"https:\/\/www.maxins.sk\/\",\"name\":\"MAXIN\u2019S Person\u00e1lna agent\u00fara\",\"description\":\"\",\"potentialAction\":[{\"@type\":\"SearchAction\",\"target\":{\"@type\":\"EntryPoint\",\"urlTemplate\":\"https:\/\/www.maxins.sk\/?s={search_term_string}\"},\"query-input\":{\"@type\":\"PropertyValueSpecification\",\"valueRequired\":true,\"valueName\":\"search_term_string\"}}],\"inLanguage\":\"en-US\"},{\"@type\":\"Person\",\"@id\":\"https:\/\/www.maxins.sk\/#\/schema\/person\/c7720740a4f2f5a99e76d92eeea08b2c\",\"name\":\"Simona \u0160oltysov\u00e1\",\"image\":{\"@type\":\"ImageObject\",\"inLanguage\":\"en-US\",\"@id\":\"https:\/\/www.maxins.sk\/#\/schema\/person\/image\/\",\"url\":\"https:\/\/secure.gravatar.com\/avatar\/be6c3c6a6ca62b070d0f1663d37692869fa71f416bc9b25291a2b8df04ce4702?s=96&d=mm&r=g\",\"contentUrl\":\"https:\/\/secure.gravatar.com\/avatar\/be6c3c6a6ca62b070d0f1663d37692869fa71f416bc9b25291a2b8df04ce4702?s=96&d=mm&r=g\",\"caption\":\"Simona \u0160oltysov\u00e1\"},\"url\":\"https:\/\/www.maxins.sk\/en\/blog\/author\/ssoltysova\/\"}]}<\/script>\n<!-- \/ Yoast SEO plugin. -->","yoast_head_json":{"title":"28. janu\u00e1r \u2013 De\u0148 ochrany osobn\u00fdch \u00fadajov: Pre\u010do je GDPR d\u00f4le\u017eitej\u0161ie ne\u017e kedyko\u013evek - MAXIN&#039;S","description":"Pripom\u00edname si De\u0148 ochrany osobn\u00fdch \u00fadajov. Zistite, ako chr\u00e1ni\u0165 svoje d\u00e1ta, \u010do hovor\u00ed GDPR a ak\u00e9 m\u00e1te pr\u00e1va. Praktick\u00fd sprievodca pre firmy aj jednotlivcov s odpor\u00fa\u010daniami odborn\u00edkov.","robots":{"index":"index","follow":"follow","max-snippet":"max-snippet:-1","max-image-preview":"max-image-preview:large","max-video-preview":"max-video-preview:-1"},"canonical":"https:\/\/www.maxins.sk\/blog\/28-januar-den-ochrany-osobnych-udajov-preco-je-gdpr-dolezitejsie-nez-kedykolvek\/","og_locale":"en_US","og_type":"article","og_title":"28. janu\u00e1r \u2013 De\u0148 ochrany osobn\u00fdch \u00fadajov: Pre\u010do je GDPR d\u00f4le\u017eitej\u0161ie ne\u017e kedyko\u013evek","og_description":"Pripom\u00edname si De\u0148 ochrany osobn\u00fdch \u00fadajov. Zistite, ako chr\u00e1ni\u0165 svoje d\u00e1ta, \u010do hovor\u00ed GDPR a ak\u00e9 m\u00e1te pr\u00e1va. Praktick\u00fd sprievodca pre firmy aj jednotlivcov s odpor\u00fa\u010daniami odborn\u00edkov.","og_url":"https:\/\/www.maxins.sk\/blog\/28-januar-den-ochrany-osobnych-udajov-preco-je-gdpr-dolezitejsie-nez-kedykolvek\/","og_site_name":"MAXIN&#039;S","article_published_time":"2026-01-28T11:26:55+00:00","article_modified_time":"2026-01-28T14:17:29+00:00","og_image":[{"width":1200,"height":630,"url":"https:\/\/www.maxins.sk\/wp-content\/uploads\/2026\/01\/28.-januar-\u2013-Den-ochrany-osobnych-udajov_-Preco-je-GDPR-dolezitejsie-nez-kedykolvek-1.png","type":"image\/png"}],"author":"Simona \u0160oltysov\u00e1","twitter_card":"summary_large_image","twitter_misc":{"Written by":"Simona \u0160oltysov\u00e1","Est. reading time":"5 minutes"},"schema":{"@context":"https:\/\/schema.org","@graph":[{"@type":"WebPage","@id":"https:\/\/www.maxins.sk\/blog\/28-januar-den-ochrany-osobnych-udajov-preco-je-gdpr-dolezitejsie-nez-kedykolvek\/","url":"https:\/\/www.maxins.sk\/blog\/28-januar-den-ochrany-osobnych-udajov-preco-je-gdpr-dolezitejsie-nez-kedykolvek\/","name":"28. janu\u00e1r \u2013 De\u0148 ochrany osobn\u00fdch \u00fadajov: Pre\u010do je GDPR d\u00f4le\u017eitej\u0161ie ne\u017e kedyko\u013evek - MAXIN&#039;S","isPartOf":{"@id":"https:\/\/www.maxins.sk\/#website"},"primaryImageOfPage":{"@id":"https:\/\/www.maxins.sk\/blog\/28-januar-den-ochrany-osobnych-udajov-preco-je-gdpr-dolezitejsie-nez-kedykolvek\/#primaryimage"},"image":{"@id":"https:\/\/www.maxins.sk\/blog\/28-januar-den-ochrany-osobnych-udajov-preco-je-gdpr-dolezitejsie-nez-kedykolvek\/#primaryimage"},"thumbnailUrl":"https:\/\/www.maxins.sk\/wp-content\/uploads\/2026\/01\/ChatGPT-Image-28.-1.-2026-10_21_20.png","datePublished":"2026-01-28T11:26:55+00:00","dateModified":"2026-01-28T14:17:29+00:00","author":{"@id":"https:\/\/www.maxins.sk\/#\/schema\/person\/c7720740a4f2f5a99e76d92eeea08b2c"},"description":"Pripom\u00edname si De\u0148 ochrany osobn\u00fdch \u00fadajov. Zistite, ako chr\u00e1ni\u0165 svoje d\u00e1ta, \u010do hovor\u00ed GDPR a ak\u00e9 m\u00e1te pr\u00e1va. Praktick\u00fd sprievodca pre firmy aj jednotlivcov s odpor\u00fa\u010daniami odborn\u00edkov.","breadcrumb":{"@id":"https:\/\/www.maxins.sk\/blog\/28-januar-den-ochrany-osobnych-udajov-preco-je-gdpr-dolezitejsie-nez-kedykolvek\/#breadcrumb"},"inLanguage":"en-US","potentialAction":[{"@type":"ReadAction","target":["https:\/\/www.maxins.sk\/blog\/28-januar-den-ochrany-osobnych-udajov-preco-je-gdpr-dolezitejsie-nez-kedykolvek\/"]}]},{"@type":"ImageObject","inLanguage":"en-US","@id":"https:\/\/www.maxins.sk\/blog\/28-januar-den-ochrany-osobnych-udajov-preco-je-gdpr-dolezitejsie-nez-kedykolvek\/#primaryimage","url":"https:\/\/www.maxins.sk\/wp-content\/uploads\/2026\/01\/ChatGPT-Image-28.-1.-2026-10_21_20.png","contentUrl":"https:\/\/www.maxins.sk\/wp-content\/uploads\/2026\/01\/ChatGPT-Image-28.-1.-2026-10_21_20.png","width":1536,"height":1024,"caption":"28. janua\u0301r \u2013 Den\u030c ochrany osobny\u0301ch u\u0301dajov_ Prec\u030co je GDPR do\u0302lez\u030citejs\u030cie nez\u030c kedykol\u030cvek-3"},{"@type":"BreadcrumbList","@id":"https:\/\/www.maxins.sk\/blog\/28-januar-den-ochrany-osobnych-udajov-preco-je-gdpr-dolezitejsie-nez-kedykolvek\/#breadcrumb","itemListElement":[{"@type":"ListItem","position":1,"name":"Domovsk\u00e1 str\u00e1nka","item":"https:\/\/www.maxins.sk\/en\/"},{"@type":"ListItem","position":2,"name":"28. janu\u00e1r \u2013 De\u0148 ochrany osobn\u00fdch \u00fadajov: Pre\u010do je GDPR d\u00f4le\u017eitej\u0161ie ne\u017e kedyko\u013evek"}]},{"@type":"WebSite","@id":"https:\/\/www.maxins.sk\/#website","url":"https:\/\/www.maxins.sk\/","name":"MAXIN\u2019S Person\u00e1lna agent\u00fara","description":"","potentialAction":[{"@type":"SearchAction","target":{"@type":"EntryPoint","urlTemplate":"https:\/\/www.maxins.sk\/?s={search_term_string}"},"query-input":{"@type":"PropertyValueSpecification","valueRequired":true,"valueName":"search_term_string"}}],"inLanguage":"en-US"},{"@type":"Person","@id":"https:\/\/www.maxins.sk\/#\/schema\/person\/c7720740a4f2f5a99e76d92eeea08b2c","name":"Simona \u0160oltysov\u00e1","image":{"@type":"ImageObject","inLanguage":"en-US","@id":"https:\/\/www.maxins.sk\/#\/schema\/person\/image\/","url":"https:\/\/secure.gravatar.com\/avatar\/be6c3c6a6ca62b070d0f1663d37692869fa71f416bc9b25291a2b8df04ce4702?s=96&d=mm&r=g","contentUrl":"https:\/\/secure.gravatar.com\/avatar\/be6c3c6a6ca62b070d0f1663d37692869fa71f416bc9b25291a2b8df04ce4702?s=96&d=mm&r=g","caption":"Simona \u0160oltysov\u00e1"},"url":"https:\/\/www.maxins.sk\/en\/blog\/author\/ssoltysova\/"}]}},"_links":{"self":[{"href":"https:\/\/www.maxins.sk\/en\/wp-json\/wp\/v2\/posts\/11300","targetHints":{"allow":["GET"]}}],"collection":[{"href":"https:\/\/www.maxins.sk\/en\/wp-json\/wp\/v2\/posts"}],"about":[{"href":"https:\/\/www.maxins.sk\/en\/wp-json\/wp\/v2\/types\/post"}],"author":[{"embeddable":true,"href":"https:\/\/www.maxins.sk\/en\/wp-json\/wp\/v2\/users\/22"}],"replies":[{"embeddable":true,"href":"https:\/\/www.maxins.sk\/en\/wp-json\/wp\/v2\/comments?post=11300"}],"version-history":[{"count":19,"href":"https:\/\/www.maxins.sk\/en\/wp-json\/wp\/v2\/posts\/11300\/revisions"}],"predecessor-version":[{"id":11334,"href":"https:\/\/www.maxins.sk\/en\/wp-json\/wp\/v2\/posts\/11300\/revisions\/11334"}],"wp:featuredmedia":[{"embeddable":true,"href":"https:\/\/www.maxins.sk\/en\/wp-json\/wp\/v2\/media\/11305"}],"wp:attachment":[{"href":"https:\/\/www.maxins.sk\/en\/wp-json\/wp\/v2\/media?parent=11300"}],"wp:term":[{"taxonomy":"category","embeddable":true,"href":"https:\/\/www.maxins.sk\/en\/wp-json\/wp\/v2\/categories?post=11300"},{"taxonomy":"post_tag","embeddable":true,"href":"https:\/\/www.maxins.sk\/en\/wp-json\/wp\/v2\/tags?post=11300"}],"curies":[{"name":"wp","href":"https:\/\/api.w.org\/{rel}","templated":true}]}}