{"id":9498,"date":"2025-01-27T16:59:27","date_gmt":"2025-01-27T14:59:27","guid":{"rendered":"https:\/\/www.maxins.sk\/?p=9498"},"modified":"2025-01-31T10:37:03","modified_gmt":"2025-01-31T08:37:03","slug":"na-slovensku-rastie-zaujem-o-zelene-pracovne-pozicie","status":"publish","type":"post","link":"https:\/\/www.maxins.sk\/de\/blog\/na-slovensku-rastie-zaujem-o-zelene-pracovne-pozicie\/","title":{"rendered":"Na Slovensku rastie z\u00e1ujem o zelen\u00e9 pracovn\u00e9 poz\u00edcie"},"content":{"rendered":"<h3>Pre\u010do zamestnanci preferuj\u00fa ekologicky zodpovedn\u00e9 firmy?<\/h3>\n<p>&#8222;T\u00edto \u013eudia maj\u00fa vysok\u00fa mobilitu a \u010dasto h\u013eadaj\u00fa poz\u00edcie, ktor\u00e9 im umo\u017enia prispieva\u0165 k zmene. Firmy preto musia pon\u00faknu\u0165 flexibiln\u00e9 pracovn\u00e9 prostredie a podporova\u0165 rovnov\u00e1hu medzi pracovn\u00fdm a osobn\u00fdm \u017eivotom,&#8220; uv\u00e1dza Katar\u00edna Garajov\u00e1. T\u00e1to gener\u00e1cia h\u013ead\u00e1 nielen pracovn\u00e9 pr\u00edle\u017eitosti, ale aj hodnoty, ktor\u00e9 s\u00fa v s\u00falade s ich presved\u010deniami.<\/p>\n<h3>Ako firmy reaguj\u00fa na tento trend?<\/h3>\n<p>Spolo\u010dnosti ako MAXIN&#8217;S Group u\u017e implementovali viacer\u00e9 ekologick\u00e9 iniciat\u00edvy, ktor\u00e9 zah\u0155\u0148aj\u00fa minimaliz\u00e1ciu uhl\u00edkovej stopy, podporu lok\u00e1lnych dod\u00e1vate\u013eov a d\u00f4raz na udr\u017eate\u013en\u00e9 materi\u00e1ly v ka\u017edodennej \u010dinnosti. Tieto kroky nielen\u017ee pril\u00e1kali nov\u00fdch zamestnancov, ale pomohli aj zv\u00fd\u0161i\u0165 ich lojalitu a spokojnos\u0165.<\/p>\n<h3>Zelen\u00e9 pracovn\u00e9 prostredie ako konkuren\u010dn\u00e1 v\u00fdhoda<\/h3>\n<p>Luk\u00e1\u0161 Krementa, country mana\u017e\u00e9r spolo\u010dnosti HBS pre \u010cesk\u00fa a Slovensk\u00fa republiku, zd\u00f4raz\u0148uje, \u017ee udr\u017eate\u013enos\u0165 sa st\u00e1va jednou z hlavn\u00fdch konkuren\u010dn\u00fdch v\u00fdhod na trhu pr\u00e1ce. &#8222;Firmy, ktor\u00e9 investuj\u00fa do ekologick\u00fdch procesov, z\u00edskavaj\u00fa nielen zamestnancov, ale aj z\u00e1kazn\u00edkov, ktor\u00ed oce\u0148uj\u00fa zodpovedn\u00fd pr\u00edstup,&#8220; hovor\u00ed Krementa.<\/p>\n","protected":false},"excerpt":{"rendered":"<p>Pre\u010do zamestnanci preferuj\u00fa ekologicky zodpovedn\u00e9 firmy? &#8222;T\u00edto \u013eudia maj\u00fa vysok\u00fa mobilitu a \u010dasto h\u013eadaj\u00fa poz\u00edcie, ktor\u00e9 im umo\u017enia prispieva\u0165 k zmene. Firmy preto musia pon\u00faknu\u0165 flexibiln\u00e9 pracovn\u00e9 prostredie a podporova\u0165 rovnov\u00e1hu medzi pracovn\u00fdm a osobn\u00fdm \u017eivotom,&#8220; uv\u00e1dza Katar\u00edna Garajov\u00e1. T\u00e1to gener\u00e1cia h\u013ead\u00e1 nielen pracovn\u00e9 pr\u00edle\u017eitosti, ale aj hodnoty, ktor\u00e9 s\u00fa v s\u00falade s ich presved\u010deniami. [&hellip;]<\/p>\n","protected":false},"author":15,"featured_media":9500,"comment_status":"closed","ping_status":"closed","sticky":false,"template":"","format":"standard","meta":{"_acf_changed":false,"inline_featured_image":false,"footnotes":""},"categories":[84],"tags":[],"class_list":["post-9498","post","type-post","status-publish","format-standard","has-post-thumbnail","hentry","category-maxins-news"],"acf":[],"yoast_head":"<!-- This site is optimized with the Yoast SEO plugin v26.1.1 - https:\/\/yoast.com\/wordpress\/plugins\/seo\/ -->\n<title>Na Slovensku rastie z\u00e1ujem o zelen\u00e9 pracovn\u00e9 poz\u00edcie | MAXIN&#039;S<\/title>\n<meta name=\"description\" content=\"Firmy musia prija\u0165 ekologick\u00e9 trendy, aby pril\u00e1kali mlad\u00fdch zamestnancov. Zelen\u00e9 pracovn\u00e9 poz\u00edcie s\u00fa \u010doraz \u017eiadanej\u0161ie, tvrd\u00ed Katar\u00edna Garajov\u00e1 z MAXIN&#039;S Group.\" \/>\n<meta name=\"robots\" content=\"index, follow, max-snippet:-1, max-image-preview:large, max-video-preview:-1\" \/>\n<link rel=\"canonical\" href=\"https:\/\/www.maxins.sk\/blog\/na-slovensku-rastie-zaujem-o-zelene-pracovne-pozicie\/\" \/>\n<meta property=\"og:locale\" content=\"de_DE\" \/>\n<meta property=\"og:type\" content=\"article\" \/>\n<meta property=\"og:title\" content=\"Na Slovensku rastie z\u00e1ujem o zelen\u00e9 pracovn\u00e9 poz\u00edcie\" \/>\n<meta property=\"og:description\" content=\"Firmy musia prija\u0165 ekologick\u00e9 trendy, aby pril\u00e1kali mlad\u00fdch zamestnancov. Zelen\u00e9 pracovn\u00e9 poz\u00edcie s\u00fa \u010doraz \u017eiadanej\u0161ie, tvrd\u00ed Katar\u00edna Garajov\u00e1 z MAXIN&#039;S Group.\" \/>\n<meta property=\"og:url\" content=\"https:\/\/www.maxins.sk\/blog\/na-slovensku-rastie-zaujem-o-zelene-pracovne-pozicie\/\" \/>\n<meta property=\"og:site_name\" content=\"MAXIN&#039;S\" \/>\n<meta property=\"article:published_time\" content=\"2025-01-27T14:59:27+00:00\" \/>\n<meta property=\"article:modified_time\" content=\"2025-01-31T08:37:03+00:00\" \/>\n<meta property=\"og:image\" content=\"https:\/\/www.maxins.sk\/wp-content\/uploads\/2025\/01\/Frame-1021.png\" \/>\n\t<meta property=\"og:image:width\" content=\"1200\" \/>\n\t<meta property=\"og:image:height\" content=\"630\" \/>\n\t<meta property=\"og:image:type\" content=\"image\/png\" \/>\n<meta name=\"author\" content=\"Jaroslav GECI\" \/>\n<meta name=\"twitter:card\" content=\"summary_large_image\" \/>\n<meta name=\"twitter:label1\" content=\"Verfasst von\" \/>\n\t<meta name=\"twitter:data1\" content=\"Jaroslav GECI\" \/>\n\t<meta name=\"twitter:label2\" content=\"Gesch\u00e4tzte Lesezeit\" \/>\n\t<meta name=\"twitter:data2\" content=\"2\u00a0Minuten\" \/>\n<script type=\"application\/ld+json\" class=\"yoast-schema-graph\">{\"@context\":\"https:\/\/schema.org\",\"@graph\":[{\"@type\":\"WebPage\",\"@id\":\"https:\/\/www.maxins.sk\/blog\/na-slovensku-rastie-zaujem-o-zelene-pracovne-pozicie\/\",\"url\":\"https:\/\/www.maxins.sk\/blog\/na-slovensku-rastie-zaujem-o-zelene-pracovne-pozicie\/\",\"name\":\"Na Slovensku rastie z\u00e1ujem o zelen\u00e9 pracovn\u00e9 poz\u00edcie | MAXIN'S\",\"isPartOf\":{\"@id\":\"https:\/\/www.maxins.sk\/#website\"},\"primaryImageOfPage\":{\"@id\":\"https:\/\/www.maxins.sk\/blog\/na-slovensku-rastie-zaujem-o-zelene-pracovne-pozicie\/#primaryimage\"},\"image\":{\"@id\":\"https:\/\/www.maxins.sk\/blog\/na-slovensku-rastie-zaujem-o-zelene-pracovne-pozicie\/#primaryimage\"},\"thumbnailUrl\":\"https:\/\/www.maxins.sk\/wp-content\/uploads\/2025\/01\/illustration-of-young-professionals-discussing-gre.png\",\"datePublished\":\"2025-01-27T14:59:27+00:00\",\"dateModified\":\"2025-01-31T08:37:03+00:00\",\"author\":{\"@id\":\"https:\/\/www.maxins.sk\/#\/schema\/person\/730d1462a5f5efdb6d48c447e5f9d4c6\"},\"description\":\"Firmy musia prija\u0165 ekologick\u00e9 trendy, aby pril\u00e1kali mlad\u00fdch zamestnancov. Zelen\u00e9 pracovn\u00e9 poz\u00edcie s\u00fa \u010doraz \u017eiadanej\u0161ie, tvrd\u00ed Katar\u00edna Garajov\u00e1 z MAXIN'S Group.\",\"breadcrumb\":{\"@id\":\"https:\/\/www.maxins.sk\/blog\/na-slovensku-rastie-zaujem-o-zelene-pracovne-pozicie\/#breadcrumb\"},\"inLanguage\":\"de\",\"potentialAction\":[{\"@type\":\"ReadAction\",\"target\":[\"https:\/\/www.maxins.sk\/blog\/na-slovensku-rastie-zaujem-o-zelene-pracovne-pozicie\/\"]}]},{\"@type\":\"ImageObject\",\"inLanguage\":\"de\",\"@id\":\"https:\/\/www.maxins.sk\/blog\/na-slovensku-rastie-zaujem-o-zelene-pracovne-pozicie\/#primaryimage\",\"url\":\"https:\/\/www.maxins.sk\/wp-content\/uploads\/2025\/01\/illustration-of-young-professionals-discussing-gre.png\",\"contentUrl\":\"https:\/\/www.maxins.sk\/wp-content\/uploads\/2025\/01\/illustration-of-young-professionals-discussing-gre.png\",\"width\":2048,\"height\":1024},{\"@type\":\"BreadcrumbList\",\"@id\":\"https:\/\/www.maxins.sk\/blog\/na-slovensku-rastie-zaujem-o-zelene-pracovne-pozicie\/#breadcrumb\",\"itemListElement\":[{\"@type\":\"ListItem\",\"position\":1,\"name\":\"Domovsk\u00e1 str\u00e1nka\",\"item\":\"https:\/\/www.maxins.sk\/de\/\"},{\"@type\":\"ListItem\",\"position\":2,\"name\":\"Na Slovensku rastie z\u00e1ujem o zelen\u00e9 pracovn\u00e9 poz\u00edcie\"}]},{\"@type\":\"WebSite\",\"@id\":\"https:\/\/www.maxins.sk\/#website\",\"url\":\"https:\/\/www.maxins.sk\/\",\"name\":\"MAXIN\u2019S Person\u00e1lna agent\u00fara\",\"description\":\"\",\"potentialAction\":[{\"@type\":\"SearchAction\",\"target\":{\"@type\":\"EntryPoint\",\"urlTemplate\":\"https:\/\/www.maxins.sk\/?s={search_term_string}\"},\"query-input\":{\"@type\":\"PropertyValueSpecification\",\"valueRequired\":true,\"valueName\":\"search_term_string\"}}],\"inLanguage\":\"de\"},{\"@type\":\"Person\",\"@id\":\"https:\/\/www.maxins.sk\/#\/schema\/person\/730d1462a5f5efdb6d48c447e5f9d4c6\",\"name\":\"Jaroslav GECI\",\"image\":{\"@type\":\"ImageObject\",\"inLanguage\":\"de\",\"@id\":\"https:\/\/www.maxins.sk\/#\/schema\/person\/image\/\",\"url\":\"https:\/\/secure.gravatar.com\/avatar\/1015efe09a597b72adf12d4a8808f19ef6b713206c4df9ec47b6da08258f4abd?s=96&d=mm&r=g\",\"contentUrl\":\"https:\/\/secure.gravatar.com\/avatar\/1015efe09a597b72adf12d4a8808f19ef6b713206c4df9ec47b6da08258f4abd?s=96&d=mm&r=g\",\"caption\":\"Jaroslav GECI\"},\"url\":\"https:\/\/www.maxins.sk\/de\/blog\/author\/jgecimaxins-sk\/\"}]}<\/script>\n<!-- \/ Yoast SEO plugin. -->","yoast_head_json":{"title":"Na Slovensku rastie z\u00e1ujem o zelen\u00e9 pracovn\u00e9 poz\u00edcie | MAXIN'S","description":"Firmy musia prija\u0165 ekologick\u00e9 trendy, aby pril\u00e1kali mlad\u00fdch zamestnancov. Zelen\u00e9 pracovn\u00e9 poz\u00edcie s\u00fa \u010doraz \u017eiadanej\u0161ie, tvrd\u00ed Katar\u00edna Garajov\u00e1 z MAXIN'S Group.","robots":{"index":"index","follow":"follow","max-snippet":"max-snippet:-1","max-image-preview":"max-image-preview:large","max-video-preview":"max-video-preview:-1"},"canonical":"https:\/\/www.maxins.sk\/blog\/na-slovensku-rastie-zaujem-o-zelene-pracovne-pozicie\/","og_locale":"de_DE","og_type":"article","og_title":"Na Slovensku rastie z\u00e1ujem o zelen\u00e9 pracovn\u00e9 poz\u00edcie","og_description":"Firmy musia prija\u0165 ekologick\u00e9 trendy, aby pril\u00e1kali mlad\u00fdch zamestnancov. Zelen\u00e9 pracovn\u00e9 poz\u00edcie s\u00fa \u010doraz \u017eiadanej\u0161ie, tvrd\u00ed Katar\u00edna Garajov\u00e1 z MAXIN'S Group.","og_url":"https:\/\/www.maxins.sk\/blog\/na-slovensku-rastie-zaujem-o-zelene-pracovne-pozicie\/","og_site_name":"MAXIN&#039;S","article_published_time":"2025-01-27T14:59:27+00:00","article_modified_time":"2025-01-31T08:37:03+00:00","og_image":[{"width":1200,"height":630,"url":"https:\/\/www.maxins.sk\/wp-content\/uploads\/2025\/01\/Frame-1021.png","type":"image\/png"}],"author":"Jaroslav GECI","twitter_card":"summary_large_image","twitter_misc":{"Verfasst von":"Jaroslav GECI","Gesch\u00e4tzte Lesezeit":"2\u00a0Minuten"},"schema":{"@context":"https:\/\/schema.org","@graph":[{"@type":"WebPage","@id":"https:\/\/www.maxins.sk\/blog\/na-slovensku-rastie-zaujem-o-zelene-pracovne-pozicie\/","url":"https:\/\/www.maxins.sk\/blog\/na-slovensku-rastie-zaujem-o-zelene-pracovne-pozicie\/","name":"Na Slovensku rastie z\u00e1ujem o zelen\u00e9 pracovn\u00e9 poz\u00edcie | MAXIN'S","isPartOf":{"@id":"https:\/\/www.maxins.sk\/#website"},"primaryImageOfPage":{"@id":"https:\/\/www.maxins.sk\/blog\/na-slovensku-rastie-zaujem-o-zelene-pracovne-pozicie\/#primaryimage"},"image":{"@id":"https:\/\/www.maxins.sk\/blog\/na-slovensku-rastie-zaujem-o-zelene-pracovne-pozicie\/#primaryimage"},"thumbnailUrl":"https:\/\/www.maxins.sk\/wp-content\/uploads\/2025\/01\/illustration-of-young-professionals-discussing-gre.png","datePublished":"2025-01-27T14:59:27+00:00","dateModified":"2025-01-31T08:37:03+00:00","author":{"@id":"https:\/\/www.maxins.sk\/#\/schema\/person\/730d1462a5f5efdb6d48c447e5f9d4c6"},"description":"Firmy musia prija\u0165 ekologick\u00e9 trendy, aby pril\u00e1kali mlad\u00fdch zamestnancov. Zelen\u00e9 pracovn\u00e9 poz\u00edcie s\u00fa \u010doraz \u017eiadanej\u0161ie, tvrd\u00ed Katar\u00edna Garajov\u00e1 z MAXIN'S Group.","breadcrumb":{"@id":"https:\/\/www.maxins.sk\/blog\/na-slovensku-rastie-zaujem-o-zelene-pracovne-pozicie\/#breadcrumb"},"inLanguage":"de","potentialAction":[{"@type":"ReadAction","target":["https:\/\/www.maxins.sk\/blog\/na-slovensku-rastie-zaujem-o-zelene-pracovne-pozicie\/"]}]},{"@type":"ImageObject","inLanguage":"de","@id":"https:\/\/www.maxins.sk\/blog\/na-slovensku-rastie-zaujem-o-zelene-pracovne-pozicie\/#primaryimage","url":"https:\/\/www.maxins.sk\/wp-content\/uploads\/2025\/01\/illustration-of-young-professionals-discussing-gre.png","contentUrl":"https:\/\/www.maxins.sk\/wp-content\/uploads\/2025\/01\/illustration-of-young-professionals-discussing-gre.png","width":2048,"height":1024},{"@type":"BreadcrumbList","@id":"https:\/\/www.maxins.sk\/blog\/na-slovensku-rastie-zaujem-o-zelene-pracovne-pozicie\/#breadcrumb","itemListElement":[{"@type":"ListItem","position":1,"name":"Domovsk\u00e1 str\u00e1nka","item":"https:\/\/www.maxins.sk\/de\/"},{"@type":"ListItem","position":2,"name":"Na Slovensku rastie z\u00e1ujem o zelen\u00e9 pracovn\u00e9 poz\u00edcie"}]},{"@type":"WebSite","@id":"https:\/\/www.maxins.sk\/#website","url":"https:\/\/www.maxins.sk\/","name":"MAXIN\u2019S Person\u00e1lna agent\u00fara","description":"","potentialAction":[{"@type":"SearchAction","target":{"@type":"EntryPoint","urlTemplate":"https:\/\/www.maxins.sk\/?s={search_term_string}"},"query-input":{"@type":"PropertyValueSpecification","valueRequired":true,"valueName":"search_term_string"}}],"inLanguage":"de"},{"@type":"Person","@id":"https:\/\/www.maxins.sk\/#\/schema\/person\/730d1462a5f5efdb6d48c447e5f9d4c6","name":"Jaroslav GECI","image":{"@type":"ImageObject","inLanguage":"de","@id":"https:\/\/www.maxins.sk\/#\/schema\/person\/image\/","url":"https:\/\/secure.gravatar.com\/avatar\/1015efe09a597b72adf12d4a8808f19ef6b713206c4df9ec47b6da08258f4abd?s=96&d=mm&r=g","contentUrl":"https:\/\/secure.gravatar.com\/avatar\/1015efe09a597b72adf12d4a8808f19ef6b713206c4df9ec47b6da08258f4abd?s=96&d=mm&r=g","caption":"Jaroslav GECI"},"url":"https:\/\/www.maxins.sk\/de\/blog\/author\/jgecimaxins-sk\/"}]}},"_links":{"self":[{"href":"https:\/\/www.maxins.sk\/de\/wp-json\/wp\/v2\/posts\/9498","targetHints":{"allow":["GET"]}}],"collection":[{"href":"https:\/\/www.maxins.sk\/de\/wp-json\/wp\/v2\/posts"}],"about":[{"href":"https:\/\/www.maxins.sk\/de\/wp-json\/wp\/v2\/types\/post"}],"author":[{"embeddable":true,"href":"https:\/\/www.maxins.sk\/de\/wp-json\/wp\/v2\/users\/15"}],"replies":[{"embeddable":true,"href":"https:\/\/www.maxins.sk\/de\/wp-json\/wp\/v2\/comments?post=9498"}],"version-history":[{"count":6,"href":"https:\/\/www.maxins.sk\/de\/wp-json\/wp\/v2\/posts\/9498\/revisions"}],"predecessor-version":[{"id":9536,"href":"https:\/\/www.maxins.sk\/de\/wp-json\/wp\/v2\/posts\/9498\/revisions\/9536"}],"wp:featuredmedia":[{"embeddable":true,"href":"https:\/\/www.maxins.sk\/de\/wp-json\/wp\/v2\/media\/9500"}],"wp:attachment":[{"href":"https:\/\/www.maxins.sk\/de\/wp-json\/wp\/v2\/media?parent=9498"}],"wp:term":[{"taxonomy":"category","embeddable":true,"href":"https:\/\/www.maxins.sk\/de\/wp-json\/wp\/v2\/categories?post=9498"},{"taxonomy":"post_tag","embeddable":true,"href":"https:\/\/www.maxins.sk\/de\/wp-json\/wp\/v2\/tags?post=9498"}],"curies":[{"name":"wp","href":"https:\/\/api.w.org\/{rel}","templated":true}]}}