{"id":9413,"date":"2025-01-08T16:59:04","date_gmt":"2025-01-08T14:59:04","guid":{"rendered":"https:\/\/www.maxins.sk\/?p=9413"},"modified":"2025-07-11T11:40:43","modified_gmt":"2025-07-11T09:40:43","slug":"zivot-na-pobocke-v-ziline","status":"publish","type":"post","link":"https:\/\/www.maxins.sk\/de\/blog\/zivot-na-pobocke-v-ziline\/","title":{"rendered":"ZA OPONOU N\u00c1BORU: \u017divot na pobo\u010dke v \u017diline"},"content":{"rendered":"<h3>\u201e\u017divot za oponou n\u00e1boru\u201c<\/h3>\n<p><strong>Miro<\/strong>: Ahoj, Lucia! V\u010faka, \u017ee si si na m\u0148a na\u0161la \u010das. Ako by si op\u00edsala \u201e\u017eivot za oponou n\u00e1boru\u201c?<\/p>\n<p><strong>Lucia<\/strong>: Ahoj, Miro! N\u00e1bor je \u010dasto o \u013eu\u010foch, em\u00f3ci\u00e1ch a sp\u00e1jan\u00ed dvoch str\u00e1n. Nejde len o zru\u010dnosti, ale aj o to, \u010di kandid\u00e1t zapadne do kolekt\u00edvu. Dobr\u00e1 t\u00edmov\u00e1 ch\u00e9mia je z\u00e1klad.<\/p>\n<hr \/>\n<h3>Pr\u00e1ca na pobo\u010dke v \u017diline<\/h3>\n<p><strong>Miro<\/strong>: Ako to vyzer\u00e1 na pobo\u010dke v \u017diline?<\/p>\n<p><strong>Lucia<\/strong>: Sme ako mal\u00e1 firma vo firme. V \u017diline m\u00e1me 14-\u010dlenn\u00fd t\u00edm a podporujeme takmer 900 extern\u00fdch zamestnancov. Na\u0161e dni s\u00fa dynamick\u00e9, pln\u00e9 stretnut\u00ed a rie\u0161en\u00ed v\u00fdziev.<\/p>\n<hr \/>\n<h3>V\u00fdzvy v n\u00e1bore<\/h3>\n<p><strong>Miro<\/strong>: \u010co je pod\u013ea teba naj\u0165a\u017e\u0161ie v n\u00e1bore?<\/p>\n<p><strong>Lucia<\/strong>: N\u00e1js\u0165 s\u00falad medzi o\u010dak\u00e1vaniami klienta a kandid\u00e1ta. \u010casto ide o \u010das, klient chce nov\u00e9ho kolegu \u201ev\u010dera\u201c.<\/p>\n<hr \/>\n<h3>Najlep\u0161ie a najhor\u0161ie z\u00e1\u017eitky<\/h3>\n<p><strong>Miro<\/strong>: Ak\u00e9 s\u00fa tvoje najlep\u0161ie a najhor\u0161ie z\u00e1\u017eitky v pr\u00e1ci?<\/p>\n<p><strong>Lucia<\/strong>: Najhor\u0161ie s\u00fa pracovn\u00e9 \u00farazy \u010di nefunk\u010dn\u00e9 kolekt\u00edvy. Najlep\u0161ie z\u00e1\u017eitky m\u00e1m, ke\u010f dok\u00e1\u017eeme niekomu re\u00e1lne pom\u00f4c\u0165 \u2013 napr\u00edklad n\u00e1js\u0165 pr\u00e1cu pre \u010dloveka bez domova.<\/p>\n<hr \/>\n<h3>Talent a jeho v\u00fdznam<\/h3>\n<p><strong>Miro<\/strong>: \u010co pre teba znamen\u00e1 slovo \u201etalent\u201c?<\/p>\n<p><strong>Lucia<\/strong>: Talent je potenci\u00e1l, ktor\u00fd treba rozv\u00edja\u0165. Nie je to len o vedomostiach, ale aj o ochote r\u00e1s\u0165 a vyu\u017e\u00edva\u0165 schopnosti naplno.<\/p>\n<hr \/>\n<h3>Osobn\u00fd \u017eivot a rovnov\u00e1ha<\/h3>\n<p><strong>Miro<\/strong>: Ako vyva\u017euje\u0161 pr\u00e1cu a rodinn\u00fd \u017eivot?<\/p>\n<p><strong>Lucia<\/strong>: Rodina je pre m\u0148a ve\u013ek\u00e1 opora. Sna\u017e\u00edm sa n\u00e1js\u0165 balans a vo\u013en\u00fd \u010das tr\u00e1vi\u0165 naplno s nimi.<\/p>\n<hr \/>\n<h3>Z\u00e1vere\u010dn\u00e9 my\u0161lienky<\/h3>\n<p><strong>Miro<\/strong>: \u010eakujem za rozhovor, Lucia! Dr\u017e\u00edm ti palce v \u010fal\u0161ej pr\u00e1ci.<\/p>\n<p><strong>Lucia<\/strong>: \u010eakujem aj ja, Miro! \ud83d\ude0a<\/p>\n","protected":false},"excerpt":{"rendered":"<p>\u201e\u017divot za oponou n\u00e1boru\u201c Miro: Ahoj, Lucia! V\u010faka, \u017ee si si na m\u0148a na\u0161la \u010das. Ako by si op\u00edsala \u201e\u017eivot za oponou n\u00e1boru\u201c? Lucia: Ahoj, Miro! N\u00e1bor je \u010dasto o \u013eu\u010foch, em\u00f3ci\u00e1ch a sp\u00e1jan\u00ed dvoch str\u00e1n. Nejde len o zru\u010dnosti, ale aj o to, \u010di kandid\u00e1t zapadne do kolekt\u00edvu. Dobr\u00e1 t\u00edmov\u00e1 ch\u00e9mia je z\u00e1klad. Pr\u00e1ca [&hellip;]<\/p>\n","protected":false},"author":15,"featured_media":9432,"comment_status":"closed","ping_status":"closed","sticky":false,"template":"","format":"standard","meta":{"_acf_changed":false,"inline_featured_image":false,"footnotes":""},"categories":[92],"tags":[],"class_list":["post-9413","post","type-post","status-publish","format-standard","has-post-thumbnail","hentry","category-za-oponou-naboru"],"acf":[],"yoast_head":"<!-- This site is optimized with the Yoast SEO plugin v26.1.1 - https:\/\/yoast.com\/wordpress\/plugins\/seo\/ -->\n<title>ZA OPONOU N\u00c1BORU: \u017divot na pobo\u010dke v \u017diline - MAXIN&#039;S<\/title>\n<meta name=\"description\" content=\"Rozhovor s Luciou Hren\u00e1kovou, Branch Managerkou v \u017diline, o n\u00e1borov\u00fdch v\u00fdzvach, \u017eivote na pobo\u010dke a o tom, ako vyva\u017euje pracovn\u00fd a osobn\u00fd \u017eivot.\" \/>\n<meta name=\"robots\" content=\"index, follow, max-snippet:-1, max-image-preview:large, max-video-preview:-1\" \/>\n<link rel=\"canonical\" href=\"https:\/\/www.maxins.sk\/blog\/zivot-na-pobocke-v-ziline\/\" \/>\n<meta property=\"og:locale\" content=\"de_DE\" \/>\n<meta property=\"og:type\" content=\"article\" \/>\n<meta property=\"og:title\" content=\"ZA OPONOU N\u00c1BORU: \u017divot na pobo\u010dke v \u017diline\" \/>\n<meta property=\"og:description\" content=\"Rozhovor s Luciou Hren\u00e1kovou, Branch Managerkou v \u017diline, o n\u00e1borov\u00fdch v\u00fdzvach, \u017eivote na pobo\u010dke a o tom, ako vyva\u017euje pracovn\u00fd a osobn\u00fd \u017eivot.\" \/>\n<meta property=\"og:url\" content=\"https:\/\/www.maxins.sk\/blog\/zivot-na-pobocke-v-ziline\/\" \/>\n<meta property=\"og:site_name\" content=\"MAXIN&#039;S\" \/>\n<meta property=\"article:published_time\" content=\"2025-01-08T14:59:04+00:00\" \/>\n<meta property=\"article:modified_time\" content=\"2025-07-11T09:40:43+00:00\" \/>\n<meta property=\"og:image\" content=\"https:\/\/www.maxins.sk\/wp-content\/uploads\/2025\/01\/Frame-1009-1.png\" \/>\n\t<meta property=\"og:image:width\" content=\"1200\" \/>\n\t<meta property=\"og:image:height\" content=\"630\" \/>\n\t<meta property=\"og:image:type\" content=\"image\/png\" \/>\n<meta name=\"author\" content=\"Jaroslav GECI\" \/>\n<meta name=\"twitter:card\" content=\"summary_large_image\" \/>\n<meta name=\"twitter:label1\" content=\"Verfasst von\" \/>\n\t<meta name=\"twitter:data1\" content=\"Jaroslav GECI\" \/>\n\t<meta name=\"twitter:label2\" content=\"Gesch\u00e4tzte Lesezeit\" \/>\n\t<meta name=\"twitter:data2\" content=\"2\u00a0Minuten\" \/>\n<script type=\"application\/ld+json\" class=\"yoast-schema-graph\">{\"@context\":\"https:\/\/schema.org\",\"@graph\":[{\"@type\":\"WebPage\",\"@id\":\"https:\/\/www.maxins.sk\/blog\/zivot-na-pobocke-v-ziline\/\",\"url\":\"https:\/\/www.maxins.sk\/blog\/zivot-na-pobocke-v-ziline\/\",\"name\":\"ZA OPONOU N\u00c1BORU: \u017divot na pobo\u010dke v \u017diline - MAXIN&#039;S\",\"isPartOf\":{\"@id\":\"https:\/\/www.maxins.sk\/#website\"},\"primaryImageOfPage\":{\"@id\":\"https:\/\/www.maxins.sk\/blog\/zivot-na-pobocke-v-ziline\/#primaryimage\"},\"image\":{\"@id\":\"https:\/\/www.maxins.sk\/blog\/zivot-na-pobocke-v-ziline\/#primaryimage\"},\"thumbnailUrl\":\"https:\/\/www.maxins.sk\/wp-content\/uploads\/2025\/01\/Frame-1012-1.png\",\"datePublished\":\"2025-01-08T14:59:04+00:00\",\"dateModified\":\"2025-07-11T09:40:43+00:00\",\"author\":{\"@id\":\"https:\/\/www.maxins.sk\/#\/schema\/person\/730d1462a5f5efdb6d48c447e5f9d4c6\"},\"description\":\"Rozhovor s Luciou Hren\u00e1kovou, Branch Managerkou v \u017diline, o n\u00e1borov\u00fdch v\u00fdzvach, \u017eivote na pobo\u010dke a o tom, ako vyva\u017euje pracovn\u00fd a osobn\u00fd \u017eivot.\",\"breadcrumb\":{\"@id\":\"https:\/\/www.maxins.sk\/blog\/zivot-na-pobocke-v-ziline\/#breadcrumb\"},\"inLanguage\":\"de\",\"potentialAction\":[{\"@type\":\"ReadAction\",\"target\":[\"https:\/\/www.maxins.sk\/blog\/zivot-na-pobocke-v-ziline\/\"]}]},{\"@type\":\"ImageObject\",\"inLanguage\":\"de\",\"@id\":\"https:\/\/www.maxins.sk\/blog\/zivot-na-pobocke-v-ziline\/#primaryimage\",\"url\":\"https:\/\/www.maxins.sk\/wp-content\/uploads\/2025\/01\/Frame-1012-1.png\",\"contentUrl\":\"https:\/\/www.maxins.sk\/wp-content\/uploads\/2025\/01\/Frame-1012-1.png\",\"width\":1797,\"height\":640},{\"@type\":\"BreadcrumbList\",\"@id\":\"https:\/\/www.maxins.sk\/blog\/zivot-na-pobocke-v-ziline\/#breadcrumb\",\"itemListElement\":[{\"@type\":\"ListItem\",\"position\":1,\"name\":\"Domovsk\u00e1 str\u00e1nka\",\"item\":\"https:\/\/www.maxins.sk\/de\/\"},{\"@type\":\"ListItem\",\"position\":2,\"name\":\"ZA OPONOU N\u00c1BORU: \u017divot na pobo\u010dke v \u017diline\"}]},{\"@type\":\"WebSite\",\"@id\":\"https:\/\/www.maxins.sk\/#website\",\"url\":\"https:\/\/www.maxins.sk\/\",\"name\":\"MAXIN\u2019S Person\u00e1lna agent\u00fara\",\"description\":\"\",\"potentialAction\":[{\"@type\":\"SearchAction\",\"target\":{\"@type\":\"EntryPoint\",\"urlTemplate\":\"https:\/\/www.maxins.sk\/?s={search_term_string}\"},\"query-input\":{\"@type\":\"PropertyValueSpecification\",\"valueRequired\":true,\"valueName\":\"search_term_string\"}}],\"inLanguage\":\"de\"},{\"@type\":\"Person\",\"@id\":\"https:\/\/www.maxins.sk\/#\/schema\/person\/730d1462a5f5efdb6d48c447e5f9d4c6\",\"name\":\"Jaroslav GECI\",\"image\":{\"@type\":\"ImageObject\",\"inLanguage\":\"de\",\"@id\":\"https:\/\/www.maxins.sk\/#\/schema\/person\/image\/\",\"url\":\"https:\/\/secure.gravatar.com\/avatar\/1015efe09a597b72adf12d4a8808f19ef6b713206c4df9ec47b6da08258f4abd?s=96&d=mm&r=g\",\"contentUrl\":\"https:\/\/secure.gravatar.com\/avatar\/1015efe09a597b72adf12d4a8808f19ef6b713206c4df9ec47b6da08258f4abd?s=96&d=mm&r=g\",\"caption\":\"Jaroslav GECI\"},\"url\":\"https:\/\/www.maxins.sk\/de\/blog\/author\/jgecimaxins-sk\/\"}]}<\/script>\n<!-- \/ Yoast SEO plugin. -->","yoast_head_json":{"title":"ZA OPONOU N\u00c1BORU: \u017divot na pobo\u010dke v \u017diline - MAXIN&#039;S","description":"Rozhovor s Luciou Hren\u00e1kovou, Branch Managerkou v \u017diline, o n\u00e1borov\u00fdch v\u00fdzvach, \u017eivote na pobo\u010dke a o tom, ako vyva\u017euje pracovn\u00fd a osobn\u00fd \u017eivot.","robots":{"index":"index","follow":"follow","max-snippet":"max-snippet:-1","max-image-preview":"max-image-preview:large","max-video-preview":"max-video-preview:-1"},"canonical":"https:\/\/www.maxins.sk\/blog\/zivot-na-pobocke-v-ziline\/","og_locale":"de_DE","og_type":"article","og_title":"ZA OPONOU N\u00c1BORU: \u017divot na pobo\u010dke v \u017diline","og_description":"Rozhovor s Luciou Hren\u00e1kovou, Branch Managerkou v \u017diline, o n\u00e1borov\u00fdch v\u00fdzvach, \u017eivote na pobo\u010dke a o tom, ako vyva\u017euje pracovn\u00fd a osobn\u00fd \u017eivot.","og_url":"https:\/\/www.maxins.sk\/blog\/zivot-na-pobocke-v-ziline\/","og_site_name":"MAXIN&#039;S","article_published_time":"2025-01-08T14:59:04+00:00","article_modified_time":"2025-07-11T09:40:43+00:00","og_image":[{"width":1200,"height":630,"url":"https:\/\/www.maxins.sk\/wp-content\/uploads\/2025\/01\/Frame-1009-1.png","type":"image\/png"}],"author":"Jaroslav GECI","twitter_card":"summary_large_image","twitter_misc":{"Verfasst von":"Jaroslav GECI","Gesch\u00e4tzte Lesezeit":"2\u00a0Minuten"},"schema":{"@context":"https:\/\/schema.org","@graph":[{"@type":"WebPage","@id":"https:\/\/www.maxins.sk\/blog\/zivot-na-pobocke-v-ziline\/","url":"https:\/\/www.maxins.sk\/blog\/zivot-na-pobocke-v-ziline\/","name":"ZA OPONOU N\u00c1BORU: \u017divot na pobo\u010dke v \u017diline - MAXIN&#039;S","isPartOf":{"@id":"https:\/\/www.maxins.sk\/#website"},"primaryImageOfPage":{"@id":"https:\/\/www.maxins.sk\/blog\/zivot-na-pobocke-v-ziline\/#primaryimage"},"image":{"@id":"https:\/\/www.maxins.sk\/blog\/zivot-na-pobocke-v-ziline\/#primaryimage"},"thumbnailUrl":"https:\/\/www.maxins.sk\/wp-content\/uploads\/2025\/01\/Frame-1012-1.png","datePublished":"2025-01-08T14:59:04+00:00","dateModified":"2025-07-11T09:40:43+00:00","author":{"@id":"https:\/\/www.maxins.sk\/#\/schema\/person\/730d1462a5f5efdb6d48c447e5f9d4c6"},"description":"Rozhovor s Luciou Hren\u00e1kovou, Branch Managerkou v \u017diline, o n\u00e1borov\u00fdch v\u00fdzvach, \u017eivote na pobo\u010dke a o tom, ako vyva\u017euje pracovn\u00fd a osobn\u00fd \u017eivot.","breadcrumb":{"@id":"https:\/\/www.maxins.sk\/blog\/zivot-na-pobocke-v-ziline\/#breadcrumb"},"inLanguage":"de","potentialAction":[{"@type":"ReadAction","target":["https:\/\/www.maxins.sk\/blog\/zivot-na-pobocke-v-ziline\/"]}]},{"@type":"ImageObject","inLanguage":"de","@id":"https:\/\/www.maxins.sk\/blog\/zivot-na-pobocke-v-ziline\/#primaryimage","url":"https:\/\/www.maxins.sk\/wp-content\/uploads\/2025\/01\/Frame-1012-1.png","contentUrl":"https:\/\/www.maxins.sk\/wp-content\/uploads\/2025\/01\/Frame-1012-1.png","width":1797,"height":640},{"@type":"BreadcrumbList","@id":"https:\/\/www.maxins.sk\/blog\/zivot-na-pobocke-v-ziline\/#breadcrumb","itemListElement":[{"@type":"ListItem","position":1,"name":"Domovsk\u00e1 str\u00e1nka","item":"https:\/\/www.maxins.sk\/de\/"},{"@type":"ListItem","position":2,"name":"ZA OPONOU N\u00c1BORU: \u017divot na pobo\u010dke v \u017diline"}]},{"@type":"WebSite","@id":"https:\/\/www.maxins.sk\/#website","url":"https:\/\/www.maxins.sk\/","name":"MAXIN\u2019S Person\u00e1lna agent\u00fara","description":"","potentialAction":[{"@type":"SearchAction","target":{"@type":"EntryPoint","urlTemplate":"https:\/\/www.maxins.sk\/?s={search_term_string}"},"query-input":{"@type":"PropertyValueSpecification","valueRequired":true,"valueName":"search_term_string"}}],"inLanguage":"de"},{"@type":"Person","@id":"https:\/\/www.maxins.sk\/#\/schema\/person\/730d1462a5f5efdb6d48c447e5f9d4c6","name":"Jaroslav GECI","image":{"@type":"ImageObject","inLanguage":"de","@id":"https:\/\/www.maxins.sk\/#\/schema\/person\/image\/","url":"https:\/\/secure.gravatar.com\/avatar\/1015efe09a597b72adf12d4a8808f19ef6b713206c4df9ec47b6da08258f4abd?s=96&d=mm&r=g","contentUrl":"https:\/\/secure.gravatar.com\/avatar\/1015efe09a597b72adf12d4a8808f19ef6b713206c4df9ec47b6da08258f4abd?s=96&d=mm&r=g","caption":"Jaroslav GECI"},"url":"https:\/\/www.maxins.sk\/de\/blog\/author\/jgecimaxins-sk\/"}]}},"_links":{"self":[{"href":"https:\/\/www.maxins.sk\/de\/wp-json\/wp\/v2\/posts\/9413","targetHints":{"allow":["GET"]}}],"collection":[{"href":"https:\/\/www.maxins.sk\/de\/wp-json\/wp\/v2\/posts"}],"about":[{"href":"https:\/\/www.maxins.sk\/de\/wp-json\/wp\/v2\/types\/post"}],"author":[{"embeddable":true,"href":"https:\/\/www.maxins.sk\/de\/wp-json\/wp\/v2\/users\/15"}],"replies":[{"embeddable":true,"href":"https:\/\/www.maxins.sk\/de\/wp-json\/wp\/v2\/comments?post=9413"}],"version-history":[{"count":3,"href":"https:\/\/www.maxins.sk\/de\/wp-json\/wp\/v2\/posts\/9413\/revisions"}],"predecessor-version":[{"id":9425,"href":"https:\/\/www.maxins.sk\/de\/wp-json\/wp\/v2\/posts\/9413\/revisions\/9425"}],"wp:featuredmedia":[{"embeddable":true,"href":"https:\/\/www.maxins.sk\/de\/wp-json\/wp\/v2\/media\/9432"}],"wp:attachment":[{"href":"https:\/\/www.maxins.sk\/de\/wp-json\/wp\/v2\/media?parent=9413"}],"wp:term":[{"taxonomy":"category","embeddable":true,"href":"https:\/\/www.maxins.sk\/de\/wp-json\/wp\/v2\/categories?post=9413"},{"taxonomy":"post_tag","embeddable":true,"href":"https:\/\/www.maxins.sk\/de\/wp-json\/wp\/v2\/tags?post=9413"}],"curies":[{"name":"wp","href":"https:\/\/api.w.org\/{rel}","templated":true}]}}