{"id":7029,"date":"2024-01-25T08:00:26","date_gmt":"2024-01-25T06:00:26","guid":{"rendered":"https:\/\/www.maxins.sk\/?p=7029"},"modified":"2024-02-02T13:26:43","modified_gmt":"2024-02-02T11:26:43","slug":"treba-zmenit-sucasne-nastavenie-veku-odchodu-do-penzie","status":"publish","type":"post","link":"https:\/\/www.maxins.sk\/de\/blog\/treba-zmenit-sucasne-nastavenie-veku-odchodu-do-penzie\/","title":{"rendered":"Treba zmeni\u0165 s\u00fa\u010dasn\u00e9 nastavenie veku odchodu do penzie?"},"content":{"rendered":"<h3>D\u013a\u017eka \u013eudsk\u00e9ho \u017eivota sa predl\u017euje, \u010do znamen\u00e1 v\u00e4\u010d\u0161iu z\u00e1\u0165a\u017e pre d\u00f4chodkov\u00fd syst\u00e9m. Ako sa na to pozeraj\u00fa slovensk\u00ed ekon\u00f3movia? V ankete TREND Barometer sme sa ich op\u00fdtali, \u010di by bolo potrebn\u00e9 zmeni\u0165 vek, kedy m\u00f4\u017eu \u013eudia \u00eds\u0165 do d\u00f4chodku. Z 46 osloven\u00fdch osobnost\u00ed sa vyjadrilo 22, zvy\u0161n\u00ed nevedeli, nechceli, alebo mali in\u00fd n\u00e1zor.<\/h3>\n<p>&nbsp;<\/p>\n<p>Z ankety vyplynulo, \u017ee <strong>v\u00e4\u010d\u0161ina ekon\u00f3mov (45,7%) je proti zni\u017eovaniu d\u00f4chodkov\u00e9ho veku,<\/strong> preto\u017ee by to ohrozilo finan\u010dn\u00fa udr\u017eate\u013enos\u0165 d\u00f4chodkov\u00e9ho syst\u00e9mu. Naopak, <strong>23,9% ekon\u00f3mov by podporilo zv\u00fd\u0161enie d\u00f4chodkov\u00e9ho veku<\/strong>, ak by to umo\u017enilo sk\u00fasen\u00fdm zamestnancom pracova\u0165 dlh\u0161ie. \u010eal\u0161\u00edch 13% by s\u00fahlasilo so zmenou, ak by sa zru\u0161il z\u00e1kaz pr\u00e1ce popri poberan\u00ed pred\u010dasnej penzie.<\/p>\n<p><strong>N\u00e1\u0161 zakladate\u013e, Erik Maxin,<\/strong> patr\u00ed medzi t\u00fdch, ktor\u00ed s\u00fa proti zn\u00ed\u017eeniu d\u00f4chodkov\u00e9ho veku. Pod\u013ea neho by <strong>Slovensko potrebovalo sk\u00f4r konsolidova\u0165 verejn\u00e9 financie<\/strong>, \u010do by znamenalo bu\u010f zn\u00ed\u017ei\u0165 v\u00fd\u0161ku d\u00f4chodkov, odradi\u0165 \u013eud\u00ed od skor\u00e9ho odchodu z trhu pr\u00e1ce, alebo zv\u00fd\u0161i\u0165 dane a odvody, ktor\u00e9 financuj\u00fa d\u00f4chodky.<\/p>\n<p>&#8222;Neviem s\u00edce, ak\u00e9 konkr\u00e9tne zmeny vl\u00e1da pl\u00e1nuje, av\u0161ak vzh\u013eadom na demografiu a stav verejn\u00fdch financi\u00ed pr\u00edpadn\u00e9 zn\u00ed\u017eenie veku odchodu do d\u00f4chodku nepova\u017eujem za udr\u017eate\u013en\u00e9. Slovensko by, naopak, potrebovalo konsolid\u00e1ciu verejn\u00fdch financi\u00ed, \u010do pri d\u00f4chodkoch znamen\u00e1 bu\u010f zni\u017eova\u0165 ich \u0161tedros\u0165, odr\u00e1dza\u0165 \u013eud\u00ed od skor\u0161ieho odchodu z trhu pr\u00e1ce, alebo zvy\u0161ova\u0165 dane a odvody, ktor\u00e9 ich financuj\u00fa.&#8220; &#8211; zakladate\u013e MAXIN&#8217;S Group<\/p>\n<p>Ako sa na t\u00fato ot\u00e1zku pozer\u00e1te vy? Nap\u00ed\u0161te n\u00e1m svoj n\u00e1zor.<\/p>\n<h6>ZDROJ: <a href=\"https:\/\/www.trend.sk\/spravy\/trend-barometer-treba-zmenit-sucasne-nastavenie-veku-odchodu-penzie\">TREND <span class=\"meta__item meta__item--datetime datetime-default\"><span class=\"datetime-day-month\">22.1.<\/span>\u00a0<span class=\"datetime-time\">13:26<\/span><\/span><\/a>, foto &#8211; freepik<\/h6>\n","protected":false},"excerpt":{"rendered":"<p>D\u013a\u017eka \u013eudsk\u00e9ho \u017eivota sa predl\u017euje, \u010do znamen\u00e1 v\u00e4\u010d\u0161iu z\u00e1\u0165a\u017e pre d\u00f4chodkov\u00fd syst\u00e9m. Ako sa na to pozeraj\u00fa slovensk\u00ed ekon\u00f3movia? V ankete TREND Barometer sme sa ich op\u00fdtali, \u010di by bolo potrebn\u00e9 zmeni\u0165 vek, kedy m\u00f4\u017eu \u013eudia \u00eds\u0165 do d\u00f4chodku. Z 46 osloven\u00fdch osobnost\u00ed sa vyjadrilo 22, zvy\u0161n\u00ed nevedeli, nechceli, alebo mali in\u00fd n\u00e1zor. &nbsp; Z [&hellip;]<\/p>\n","protected":false},"author":17,"featured_media":7034,"comment_status":"open","ping_status":"open","sticky":false,"template":"","format":"standard","meta":{"_acf_changed":false,"inline_featured_image":false,"footnotes":""},"categories":[84],"tags":[],"class_list":["post-7029","post","type-post","status-publish","format-standard","has-post-thumbnail","hentry","category-maxins-news"],"acf":[],"yoast_head":"<!-- This site is optimized with the Yoast SEO plugin v26.1.1 - https:\/\/yoast.com\/wordpress\/plugins\/seo\/ -->\n<title>Treba zmeni\u0165 s\u00fa\u010dasn\u00e9 nastavenie veku odchodu do penzie? | MAXIN&#039;S<\/title>\n<meta name=\"description\" content=\"D\u013a\u017eka \u013eudsk\u00e9ho \u017eivota sa predl\u017euje, \u010do znamen\u00e1 v\u00e4\u010d\u0161iu z\u00e1\u0165a\u017e pre d\u00f4chodkov\u00fd syst\u00e9m. Dozviete sa, ak\u00e9 s\u00fa v\u00fdhody a nev\u00fdhody zni\u017eovania alebo zvy\u0161ovania veku odchodu do penzie, a ak\u00e9 s\u00fa mo\u017en\u00e9 alternat\u00edvy. Pre\u010d\u00edtajte si viac!\" \/>\n<meta name=\"robots\" content=\"index, follow, max-snippet:-1, max-image-preview:large, max-video-preview:-1\" \/>\n<link rel=\"canonical\" href=\"https:\/\/www.maxins.sk\/blog\/treba-zmenit-sucasne-nastavenie-veku-odchodu-do-penzie\/\" \/>\n<meta property=\"og:locale\" content=\"de_DE\" \/>\n<meta property=\"og:type\" content=\"article\" \/>\n<meta property=\"og:title\" content=\"Treba zmeni\u0165 vek odchodu do penzie? Pozrite sa, \u010do si myslia slovensk\u00ed ekon\u00f3movia\" \/>\n<meta property=\"og:description\" content=\"D\u013a\u017eka \u013eudsk\u00e9ho \u017eivota sa predl\u017euje, \u010do znamen\u00e1 v\u00e4\u010d\u0161iu z\u00e1\u0165a\u017e pre d\u00f4chodkov\u00fd syst\u00e9m. Ako sa na to pozeraj\u00fa slovensk\u00ed ekon\u00f3movia? V na\u0161om \u010dl\u00e1nku n\u00e1jdete v\u00fdsledky ankety TREND Barometer a n\u00e1zor n\u00e1\u0161ho zakladate\u013ea, Erika Maxina. Dozviete sa, ak\u00e9 s\u00fa v\u00fdhody a nev\u00fdhody zni\u017eovania alebo zvy\u0161ovania veku odchodu do penzie, a ak\u00e9 s\u00fa mo\u017en\u00e9 alternat\u00edvy. Pre\u010d\u00edtajte si viac!\" \/>\n<meta property=\"og:url\" content=\"https:\/\/www.maxins.sk\/blog\/treba-zmenit-sucasne-nastavenie-veku-odchodu-do-penzie\/\" \/>\n<meta property=\"og:site_name\" content=\"MAXIN&#039;S\" \/>\n<meta property=\"article:published_time\" content=\"2024-01-25T06:00:26+00:00\" \/>\n<meta property=\"article:modified_time\" content=\"2024-02-02T11:26:43+00:00\" \/>\n<meta property=\"og:image\" content=\"https:\/\/www.maxins.sk\/wp-content\/uploads\/2024\/01\/grandparents-learning-use-technology-1024x683.jpg\" \/>\n\t<meta property=\"og:image:width\" content=\"1024\" \/>\n\t<meta property=\"og:image:height\" content=\"683\" \/>\n\t<meta property=\"og:image:type\" content=\"image\/jpeg\" \/>\n<meta name=\"author\" content=\"Viliam Dzuri\u0161\" \/>\n<meta name=\"twitter:card\" content=\"summary_large_image\" \/>\n<meta name=\"twitter:label1\" content=\"Verfasst von\" \/>\n\t<meta name=\"twitter:data1\" content=\"Viliam Dzuri\u0161\" \/>\n\t<meta name=\"twitter:label2\" content=\"Gesch\u00e4tzte Lesezeit\" \/>\n\t<meta name=\"twitter:data2\" content=\"2\u00a0Minuten\" \/>\n<script type=\"application\/ld+json\" class=\"yoast-schema-graph\">{\"@context\":\"https:\/\/schema.org\",\"@graph\":[{\"@type\":\"WebPage\",\"@id\":\"https:\/\/www.maxins.sk\/blog\/treba-zmenit-sucasne-nastavenie-veku-odchodu-do-penzie\/\",\"url\":\"https:\/\/www.maxins.sk\/blog\/treba-zmenit-sucasne-nastavenie-veku-odchodu-do-penzie\/\",\"name\":\"Treba zmeni\u0165 s\u00fa\u010dasn\u00e9 nastavenie veku odchodu do penzie? | MAXIN&#039;S\",\"isPartOf\":{\"@id\":\"https:\/\/www.maxins.sk\/#website\"},\"primaryImageOfPage\":{\"@id\":\"https:\/\/www.maxins.sk\/blog\/treba-zmenit-sucasne-nastavenie-veku-odchodu-do-penzie\/#primaryimage\"},\"image\":{\"@id\":\"https:\/\/www.maxins.sk\/blog\/treba-zmenit-sucasne-nastavenie-veku-odchodu-do-penzie\/#primaryimage\"},\"thumbnailUrl\":\"https:\/\/www.maxins.sk\/wp-content\/uploads\/2024\/01\/grandparents-learning-use-technology.jpg\",\"datePublished\":\"2024-01-25T06:00:26+00:00\",\"dateModified\":\"2024-02-02T11:26:43+00:00\",\"author\":{\"@id\":\"https:\/\/www.maxins.sk\/#\/schema\/person\/8a1461b21228bfcdfaf213163b99d21c\"},\"description\":\"D\u013a\u017eka \u013eudsk\u00e9ho \u017eivota sa predl\u017euje, \u010do znamen\u00e1 v\u00e4\u010d\u0161iu z\u00e1\u0165a\u017e pre d\u00f4chodkov\u00fd syst\u00e9m. Dozviete sa, ak\u00e9 s\u00fa v\u00fdhody a nev\u00fdhody zni\u017eovania alebo zvy\u0161ovania veku odchodu do penzie, a ak\u00e9 s\u00fa mo\u017en\u00e9 alternat\u00edvy. Pre\u010d\u00edtajte si viac!\",\"breadcrumb\":{\"@id\":\"https:\/\/www.maxins.sk\/blog\/treba-zmenit-sucasne-nastavenie-veku-odchodu-do-penzie\/#breadcrumb\"},\"inLanguage\":\"de\",\"potentialAction\":[{\"@type\":\"ReadAction\",\"target\":[\"https:\/\/www.maxins.sk\/blog\/treba-zmenit-sucasne-nastavenie-veku-odchodu-do-penzie\/\"]}]},{\"@type\":\"ImageObject\",\"inLanguage\":\"de\",\"@id\":\"https:\/\/www.maxins.sk\/blog\/treba-zmenit-sucasne-nastavenie-veku-odchodu-do-penzie\/#primaryimage\",\"url\":\"https:\/\/www.maxins.sk\/wp-content\/uploads\/2024\/01\/grandparents-learning-use-technology.jpg\",\"contentUrl\":\"https:\/\/www.maxins.sk\/wp-content\/uploads\/2024\/01\/grandparents-learning-use-technology.jpg\",\"width\":6000,\"height\":4000,\"caption\":\"S\u00fa\u010dasn\u00e9 nastavenie veku odchodu do penzie\"},{\"@type\":\"BreadcrumbList\",\"@id\":\"https:\/\/www.maxins.sk\/blog\/treba-zmenit-sucasne-nastavenie-veku-odchodu-do-penzie\/#breadcrumb\",\"itemListElement\":[{\"@type\":\"ListItem\",\"position\":1,\"name\":\"Domovsk\u00e1 str\u00e1nka\",\"item\":\"https:\/\/www.maxins.sk\/de\/\"},{\"@type\":\"ListItem\",\"position\":2,\"name\":\"Treba zmeni\u0165 s\u00fa\u010dasn\u00e9 nastavenie veku odchodu do penzie?\"}]},{\"@type\":\"WebSite\",\"@id\":\"https:\/\/www.maxins.sk\/#website\",\"url\":\"https:\/\/www.maxins.sk\/\",\"name\":\"MAXIN\u2019S Person\u00e1lna agent\u00fara\",\"description\":\"\",\"potentialAction\":[{\"@type\":\"SearchAction\",\"target\":{\"@type\":\"EntryPoint\",\"urlTemplate\":\"https:\/\/www.maxins.sk\/?s={search_term_string}\"},\"query-input\":{\"@type\":\"PropertyValueSpecification\",\"valueRequired\":true,\"valueName\":\"search_term_string\"}}],\"inLanguage\":\"de\"},{\"@type\":\"Person\",\"@id\":\"https:\/\/www.maxins.sk\/#\/schema\/person\/8a1461b21228bfcdfaf213163b99d21c\",\"name\":\"Viliam Dzuri\u0161\",\"image\":{\"@type\":\"ImageObject\",\"inLanguage\":\"de\",\"@id\":\"https:\/\/www.maxins.sk\/#\/schema\/person\/image\/\",\"url\":\"https:\/\/secure.gravatar.com\/avatar\/29414707a595d9d941ddce6b30fc9499b73201a58080b10fc20d9b40b4a9b4ae?s=96&d=mm&r=g\",\"contentUrl\":\"https:\/\/secure.gravatar.com\/avatar\/29414707a595d9d941ddce6b30fc9499b73201a58080b10fc20d9b40b4a9b4ae?s=96&d=mm&r=g\",\"caption\":\"Viliam Dzuri\u0161\"},\"url\":\"https:\/\/www.maxins.sk\/de\/blog\/author\/viliamdzuris\/\"}]}<\/script>\n<!-- \/ Yoast SEO plugin. -->","yoast_head_json":{"title":"Treba zmeni\u0165 s\u00fa\u010dasn\u00e9 nastavenie veku odchodu do penzie? | MAXIN&#039;S","description":"D\u013a\u017eka \u013eudsk\u00e9ho \u017eivota sa predl\u017euje, \u010do znamen\u00e1 v\u00e4\u010d\u0161iu z\u00e1\u0165a\u017e pre d\u00f4chodkov\u00fd syst\u00e9m. Dozviete sa, ak\u00e9 s\u00fa v\u00fdhody a nev\u00fdhody zni\u017eovania alebo zvy\u0161ovania veku odchodu do penzie, a ak\u00e9 s\u00fa mo\u017en\u00e9 alternat\u00edvy. Pre\u010d\u00edtajte si viac!","robots":{"index":"index","follow":"follow","max-snippet":"max-snippet:-1","max-image-preview":"max-image-preview:large","max-video-preview":"max-video-preview:-1"},"canonical":"https:\/\/www.maxins.sk\/blog\/treba-zmenit-sucasne-nastavenie-veku-odchodu-do-penzie\/","og_locale":"de_DE","og_type":"article","og_title":"Treba zmeni\u0165 vek odchodu do penzie? Pozrite sa, \u010do si myslia slovensk\u00ed ekon\u00f3movia","og_description":"D\u013a\u017eka \u013eudsk\u00e9ho \u017eivota sa predl\u017euje, \u010do znamen\u00e1 v\u00e4\u010d\u0161iu z\u00e1\u0165a\u017e pre d\u00f4chodkov\u00fd syst\u00e9m. Ako sa na to pozeraj\u00fa slovensk\u00ed ekon\u00f3movia? V na\u0161om \u010dl\u00e1nku n\u00e1jdete v\u00fdsledky ankety TREND Barometer a n\u00e1zor n\u00e1\u0161ho zakladate\u013ea, Erika Maxina. Dozviete sa, ak\u00e9 s\u00fa v\u00fdhody a nev\u00fdhody zni\u017eovania alebo zvy\u0161ovania veku odchodu do penzie, a ak\u00e9 s\u00fa mo\u017en\u00e9 alternat\u00edvy. Pre\u010d\u00edtajte si viac!","og_url":"https:\/\/www.maxins.sk\/blog\/treba-zmenit-sucasne-nastavenie-veku-odchodu-do-penzie\/","og_site_name":"MAXIN&#039;S","article_published_time":"2024-01-25T06:00:26+00:00","article_modified_time":"2024-02-02T11:26:43+00:00","og_image":[{"width":1024,"height":683,"url":"https:\/\/www.maxins.sk\/wp-content\/uploads\/2024\/01\/grandparents-learning-use-technology-1024x683.jpg","type":"image\/jpeg"}],"author":"Viliam Dzuri\u0161","twitter_card":"summary_large_image","twitter_misc":{"Verfasst von":"Viliam Dzuri\u0161","Gesch\u00e4tzte Lesezeit":"2\u00a0Minuten"},"schema":{"@context":"https:\/\/schema.org","@graph":[{"@type":"WebPage","@id":"https:\/\/www.maxins.sk\/blog\/treba-zmenit-sucasne-nastavenie-veku-odchodu-do-penzie\/","url":"https:\/\/www.maxins.sk\/blog\/treba-zmenit-sucasne-nastavenie-veku-odchodu-do-penzie\/","name":"Treba zmeni\u0165 s\u00fa\u010dasn\u00e9 nastavenie veku odchodu do penzie? | MAXIN&#039;S","isPartOf":{"@id":"https:\/\/www.maxins.sk\/#website"},"primaryImageOfPage":{"@id":"https:\/\/www.maxins.sk\/blog\/treba-zmenit-sucasne-nastavenie-veku-odchodu-do-penzie\/#primaryimage"},"image":{"@id":"https:\/\/www.maxins.sk\/blog\/treba-zmenit-sucasne-nastavenie-veku-odchodu-do-penzie\/#primaryimage"},"thumbnailUrl":"https:\/\/www.maxins.sk\/wp-content\/uploads\/2024\/01\/grandparents-learning-use-technology.jpg","datePublished":"2024-01-25T06:00:26+00:00","dateModified":"2024-02-02T11:26:43+00:00","author":{"@id":"https:\/\/www.maxins.sk\/#\/schema\/person\/8a1461b21228bfcdfaf213163b99d21c"},"description":"D\u013a\u017eka \u013eudsk\u00e9ho \u017eivota sa predl\u017euje, \u010do znamen\u00e1 v\u00e4\u010d\u0161iu z\u00e1\u0165a\u017e pre d\u00f4chodkov\u00fd syst\u00e9m. Dozviete sa, ak\u00e9 s\u00fa v\u00fdhody a nev\u00fdhody zni\u017eovania alebo zvy\u0161ovania veku odchodu do penzie, a ak\u00e9 s\u00fa mo\u017en\u00e9 alternat\u00edvy. Pre\u010d\u00edtajte si viac!","breadcrumb":{"@id":"https:\/\/www.maxins.sk\/blog\/treba-zmenit-sucasne-nastavenie-veku-odchodu-do-penzie\/#breadcrumb"},"inLanguage":"de","potentialAction":[{"@type":"ReadAction","target":["https:\/\/www.maxins.sk\/blog\/treba-zmenit-sucasne-nastavenie-veku-odchodu-do-penzie\/"]}]},{"@type":"ImageObject","inLanguage":"de","@id":"https:\/\/www.maxins.sk\/blog\/treba-zmenit-sucasne-nastavenie-veku-odchodu-do-penzie\/#primaryimage","url":"https:\/\/www.maxins.sk\/wp-content\/uploads\/2024\/01\/grandparents-learning-use-technology.jpg","contentUrl":"https:\/\/www.maxins.sk\/wp-content\/uploads\/2024\/01\/grandparents-learning-use-technology.jpg","width":6000,"height":4000,"caption":"S\u00fa\u010dasn\u00e9 nastavenie veku odchodu do penzie"},{"@type":"BreadcrumbList","@id":"https:\/\/www.maxins.sk\/blog\/treba-zmenit-sucasne-nastavenie-veku-odchodu-do-penzie\/#breadcrumb","itemListElement":[{"@type":"ListItem","position":1,"name":"Domovsk\u00e1 str\u00e1nka","item":"https:\/\/www.maxins.sk\/de\/"},{"@type":"ListItem","position":2,"name":"Treba zmeni\u0165 s\u00fa\u010dasn\u00e9 nastavenie veku odchodu do penzie?"}]},{"@type":"WebSite","@id":"https:\/\/www.maxins.sk\/#website","url":"https:\/\/www.maxins.sk\/","name":"MAXIN\u2019S Person\u00e1lna agent\u00fara","description":"","potentialAction":[{"@type":"SearchAction","target":{"@type":"EntryPoint","urlTemplate":"https:\/\/www.maxins.sk\/?s={search_term_string}"},"query-input":{"@type":"PropertyValueSpecification","valueRequired":true,"valueName":"search_term_string"}}],"inLanguage":"de"},{"@type":"Person","@id":"https:\/\/www.maxins.sk\/#\/schema\/person\/8a1461b21228bfcdfaf213163b99d21c","name":"Viliam Dzuri\u0161","image":{"@type":"ImageObject","inLanguage":"de","@id":"https:\/\/www.maxins.sk\/#\/schema\/person\/image\/","url":"https:\/\/secure.gravatar.com\/avatar\/29414707a595d9d941ddce6b30fc9499b73201a58080b10fc20d9b40b4a9b4ae?s=96&d=mm&r=g","contentUrl":"https:\/\/secure.gravatar.com\/avatar\/29414707a595d9d941ddce6b30fc9499b73201a58080b10fc20d9b40b4a9b4ae?s=96&d=mm&r=g","caption":"Viliam Dzuri\u0161"},"url":"https:\/\/www.maxins.sk\/de\/blog\/author\/viliamdzuris\/"}]}},"_links":{"self":[{"href":"https:\/\/www.maxins.sk\/de\/wp-json\/wp\/v2\/posts\/7029","targetHints":{"allow":["GET"]}}],"collection":[{"href":"https:\/\/www.maxins.sk\/de\/wp-json\/wp\/v2\/posts"}],"about":[{"href":"https:\/\/www.maxins.sk\/de\/wp-json\/wp\/v2\/types\/post"}],"author":[{"embeddable":true,"href":"https:\/\/www.maxins.sk\/de\/wp-json\/wp\/v2\/users\/17"}],"replies":[{"embeddable":true,"href":"https:\/\/www.maxins.sk\/de\/wp-json\/wp\/v2\/comments?post=7029"}],"version-history":[{"count":5,"href":"https:\/\/www.maxins.sk\/de\/wp-json\/wp\/v2\/posts\/7029\/revisions"}],"predecessor-version":[{"id":7172,"href":"https:\/\/www.maxins.sk\/de\/wp-json\/wp\/v2\/posts\/7029\/revisions\/7172"}],"wp:featuredmedia":[{"embeddable":true,"href":"https:\/\/www.maxins.sk\/de\/wp-json\/wp\/v2\/media\/7034"}],"wp:attachment":[{"href":"https:\/\/www.maxins.sk\/de\/wp-json\/wp\/v2\/media?parent=7029"}],"wp:term":[{"taxonomy":"category","embeddable":true,"href":"https:\/\/www.maxins.sk\/de\/wp-json\/wp\/v2\/categories?post=7029"},{"taxonomy":"post_tag","embeddable":true,"href":"https:\/\/www.maxins.sk\/de\/wp-json\/wp\/v2\/tags?post=7029"}],"curies":[{"name":"wp","href":"https:\/\/api.w.org\/{rel}","templated":true}]}}