{"id":6656,"date":"2023-12-14T18:00:59","date_gmt":"2023-12-14T16:00:59","guid":{"rendered":"https:\/\/www.maxins.sk\/?p=6656"},"modified":"2024-04-24T08:53:58","modified_gmt":"2024-04-24T06:53:58","slug":"respondentom-chybaju-vladne-opatrenia-na-zlepsenie-podnikatelskeho-prostredia","status":"publish","type":"post","link":"https:\/\/www.maxins.sk\/de\/blog\/respondentom-chybaju-vladne-opatrenia-na-zlepsenie-podnikatelskeho-prostredia\/","title":{"rendered":"Respondentom ch\u00fdbaj\u00fa vl\u00e1dne opatrenia na zlep\u0161enie podnikate\u013esk\u00e9ho prostredia"},"content":{"rendered":"<h3>Vl\u00e1da predstavila <strong>bal\u00ed\u010dek konsolida\u010dn\u00fdch opatren\u00ed,<\/strong><\/h3>\n<p>ktor\u00fd m\u00e1 za cie\u013e <strong>zn\u00ed\u017ei\u0165 deficit verejn\u00fdch financi\u00ed<\/strong> a zabezpe\u010di\u0165 <strong>dlhodob\u00fa udr\u017eate\u013enos\u0165 verejn\u00fdch v\u00fddavkov<\/strong>.\u00a0Opatrenia zah\u0155\u0148aj\u00fa napr\u00edklad <strong>zv\u00fd\u0161enie d\u00f4chodkov, zavedenie minim\u00e1lnej mzdy, zv\u00fd\u0161enie dan\u00ed pre bohat\u00fdch a zru\u0161enie niektor\u00fdch da\u0148ov\u00fdch \u00fa\u013eav<\/strong>. Vl\u00e1da tvrd\u00ed, \u017ee tieto opatrenia s\u00fa <strong>spravodliv\u00e9, soci\u00e1lne citliv\u00e9 a podporia rast a zamestnanos\u0165<\/strong>.<\/p>\n<p>Av\u0161ak, nie v\u0161etci s\u00fahlasia s t\u00fdmto bal\u00ed\u010dkom. Agent\u00fara Focus realizovala anketu TREND Barometer, v ktorej sa p\u00fdtala respondentov, ako hodnotia konsolida\u010dn\u00e9 opatrenia, ktor\u00e9 predstavila vl\u00e1da. Medzi stredou 6. decembra 2023 a pondelkom 11. decembra 2023 hlasovalo elektronicky celkovo 53 vybran\u00fdch osobnost\u00ed slovenskej ekonomiky. Medzi nimi boli z\u00e1stupcovia podnikate\u013esk\u00fdch zv\u00e4zov, analytici, ekon\u00f3movia, podnikatelia a mana\u017e\u00e9ri.<\/p>\n<h3>Z v\u00fdsledkov ankety vypl\u00fdva<\/h3>\n<p><strong>v\u00e4\u010d\u0161ina respondentov (60 %) pova\u017euje konsolida\u010dn\u00e9 opatrenia za nedostato\u010dn\u00e9 a neefekt\u00edvne.<\/strong> Respondenti kritizuj\u00fa vl\u00e1du, \u017ee sa s\u00fastredila iba na zvy\u0161ovanie pr\u00edjmov, a nie na zni\u017eovanie v\u00fddavkov.\u00a0Pod\u013ea nich, vl\u00e1da potrebuje zlep\u0161i\u0165 podnikate\u013esk\u00e9 prostredie, ktor\u00e9 je za\u0165a\u017een\u00e9 vysokou byrokraciou, korupciou, neistotou a nedostatkom kvalifikovanej pracovnej sily. Respondenti tie\u017e upozor\u0148uj\u00fa na rizik\u00e1, ktor\u00e9 m\u00f4\u017eu vyplyn\u00fa\u0165 z konsolida\u010dn\u00fdch opatren\u00ed, ako je napr\u00edklad \u00fanik kapit\u00e1lu, pokles invest\u00edci\u00ed, zv\u00fd\u0161enie nezamestnanosti a oslabenie konkurencieschopnosti.<\/p>\n<p>Na druhej strane, <strong>iba 28 % respondentov s\u00fahlasilo s konsolida\u010dn\u00fdmi opatreniami.<\/strong> T\u00edto respondenti uzn\u00e1vaj\u00fa, \u017ee vl\u00e1da mus\u00ed rie\u0161i\u0165 probl\u00e9m vysok\u00e9ho deficitu a dlhu, a \u017ee niektor\u00e9 opatrenia s\u00fa nevyhnutn\u00e9 a spravodliv\u00e9.\u00a0Pod\u013ea nich, vl\u00e1da sa sna\u017e\u00ed chr\u00e1ni\u0165 najzranite\u013enej\u0161ie skupiny obyvate\u013estva, ako s\u00fa seniori, zamestnanci s n\u00edzkymi pr\u00edjmami a rodiny s de\u0165mi. T\u00edto respondenti tie\u017e veria, \u017ee konsolida\u010dn\u00e9 opatrenia m\u00f4\u017eu ma\u0165 pozit\u00edvny vplyv na dlhodob\u00fd rast a stabilitu, ak bud\u00fa doplnen\u00e9 \u010fal\u0161\u00edmi reformami a stimulmi.<\/p>\n<p>Medzi respondentmi, ktor\u00ed sa vyjadrili k jednotliv\u00fdm opatreniam, <strong>najviac podpory z\u00edskalo zv\u00fd\u0161enie d\u00f4chodkov (68 %), zavedenie minim\u00e1lnej mzdy (64 %) a zv\u00fd\u0161enie dan\u00ed pre bohat\u00fdch (56 %)<\/strong>. Naopak, <strong>najviac odporu vyvolalo zru\u0161enie niektor\u00fdch da\u0148ov\u00fdch \u00fa\u013eav (72 %), zavedenie dane z nehnute\u013enost\u00ed (68 %) a zv\u00fd\u0161enie DPH na niektor\u00e9 tovary a slu\u017eby (64 %)<\/strong>.<\/p>\n<p>&nbsp;<\/p>\n<h3><em>&#8222;Jednozna\u010dn\u00fdm v\u00ed\u0165azom vl\u00e1dneho bal\u00ed\u010dka konsolida\u010dn\u00fdch opatren\u00ed \u201elex konsolid\u00e1cia\u201c s\u00fa slovensk\u00ed seniori. O\u010dak\u00e1val som, \u017ee vl\u00e1da aspo\u0148 na za\u010diatku volebn\u00e9ho obdobia prist\u00fapi aj k nepopul\u00e1rnym opatreniam a bude \u0161etri\u0165. Nestalo sa. Pre skuto\u010dn\u00fa konsolid\u00e1ciu verejn\u00fdch financi\u00ed je potrebn\u00e9 prist\u00fapi\u0165 aj k mas\u00edvnemu zefekt\u00edvneniu hospod\u00e1renia rozsiahlym reform\u00e1m naprie\u010d viacer\u00fdmi sektormi hospod\u00e1rstva.&#8220;<\/em><\/h3>\n<p><strong>uzavrel Erik Maxin, zakladate\u013e, MAXIN\u2019S Group\u00a0<\/strong><\/p>\n<p><strong>\u00a0<\/strong><\/p>\n<h5><strong>zdroj: trend.sk, foto: ai &#8211; <\/strong>DALL\u00b7E 2<\/h5>\n<h5><b>\u00a0<\/b><\/h5>\n","protected":false},"excerpt":{"rendered":"<p>Vl\u00e1da predstavila bal\u00ed\u010dek konsolida\u010dn\u00fdch opatren\u00ed, ktor\u00fd m\u00e1 za cie\u013e zn\u00ed\u017ei\u0165 deficit verejn\u00fdch financi\u00ed a zabezpe\u010di\u0165 dlhodob\u00fa udr\u017eate\u013enos\u0165 verejn\u00fdch v\u00fddavkov.\u00a0Opatrenia zah\u0155\u0148aj\u00fa napr\u00edklad zv\u00fd\u0161enie d\u00f4chodkov, zavedenie minim\u00e1lnej mzdy, zv\u00fd\u0161enie dan\u00ed pre bohat\u00fdch a zru\u0161enie niektor\u00fdch da\u0148ov\u00fdch \u00fa\u013eav. Vl\u00e1da tvrd\u00ed, \u017ee tieto opatrenia s\u00fa spravodliv\u00e9, soci\u00e1lne citliv\u00e9 a podporia rast a zamestnanos\u0165. Av\u0161ak, nie v\u0161etci s\u00fahlasia s t\u00fdmto [&hellip;]<\/p>\n","protected":false},"author":17,"featured_media":6660,"comment_status":"open","ping_status":"open","sticky":false,"template":"","format":"standard","meta":{"_acf_changed":false,"inline_featured_image":false,"footnotes":""},"categories":[84],"tags":[],"class_list":["post-6656","post","type-post","status-publish","format-standard","has-post-thumbnail","hentry","category-maxins-news"],"acf":[],"yoast_head":"<!-- This site is optimized with the Yoast SEO plugin v26.1.1 - https:\/\/yoast.com\/wordpress\/plugins\/seo\/ -->\n<title>Respondentom ch\u00fdbaj\u00fa vl\u00e1dn\u00e9 opatrenia na I MAXIN\u00b4S<\/title>\n<meta name=\"description\" content=\"Zistite, ak\u00e9 s\u00fa hlavn\u00e9 ciele a pr\u00ednosy opatren\u00ed na zlep\u0161enie podnikate\u013esk\u00e9ho prostredia, ktor\u00e9 vl\u00e1da SR pl\u00e1nuje alebo u\u017e implementuje.\" \/>\n<meta name=\"robots\" content=\"index, follow, max-snippet:-1, max-image-preview:large, max-video-preview:-1\" \/>\n<link rel=\"canonical\" href=\"https:\/\/www.maxins.sk\/blog\/respondentom-chybaju-vladne-opatrenia-na-zlepsenie-podnikatelskeho-prostredia\/\" \/>\n<meta property=\"og:locale\" content=\"de_DE\" \/>\n<meta property=\"og:type\" content=\"article\" \/>\n<meta property=\"og:title\" content=\"Respondentom ch\u00fdbaj\u00fa vl\u00e1dn\u00e9 opatrenia na I MAXIN\u00b4S\" \/>\n<meta property=\"og:description\" content=\"Zistite, ak\u00e9 s\u00fa hlavn\u00e9 ciele a pr\u00ednosy opatren\u00ed na zlep\u0161enie podnikate\u013esk\u00e9ho prostredia, ktor\u00e9 vl\u00e1da SR pl\u00e1nuje alebo u\u017e implementuje.\" \/>\n<meta property=\"og:url\" content=\"https:\/\/www.maxins.sk\/blog\/respondentom-chybaju-vladne-opatrenia-na-zlepsenie-podnikatelskeho-prostredia\/\" \/>\n<meta property=\"og:site_name\" content=\"MAXIN&#039;S\" \/>\n<meta property=\"article:published_time\" content=\"2023-12-14T16:00:59+00:00\" \/>\n<meta property=\"article:modified_time\" content=\"2024-04-24T06:53:58+00:00\" \/>\n<meta property=\"og:image\" content=\"https:\/\/www.maxins.sk\/wp-content\/uploads\/2023\/12\/konsolidacia.jpg\" \/>\n\t<meta property=\"og:image:width\" content=\"1260\" \/>\n\t<meta property=\"og:image:height\" content=\"980\" \/>\n\t<meta property=\"og:image:type\" content=\"image\/jpeg\" \/>\n<meta name=\"author\" content=\"Viliam Dzuri\u0161\" \/>\n<meta name=\"twitter:card\" content=\"summary_large_image\" \/>\n<meta name=\"twitter:label1\" content=\"Verfasst von\" \/>\n\t<meta name=\"twitter:data1\" content=\"Viliam Dzuri\u0161\" \/>\n\t<meta name=\"twitter:label2\" content=\"Gesch\u00e4tzte Lesezeit\" \/>\n\t<meta name=\"twitter:data2\" content=\"3\u00a0Minuten\" \/>\n<script type=\"application\/ld+json\" class=\"yoast-schema-graph\">{\"@context\":\"https:\/\/schema.org\",\"@graph\":[{\"@type\":\"WebPage\",\"@id\":\"https:\/\/www.maxins.sk\/blog\/respondentom-chybaju-vladne-opatrenia-na-zlepsenie-podnikatelskeho-prostredia\/\",\"url\":\"https:\/\/www.maxins.sk\/blog\/respondentom-chybaju-vladne-opatrenia-na-zlepsenie-podnikatelskeho-prostredia\/\",\"name\":\"Respondentom ch\u00fdbaj\u00fa vl\u00e1dn\u00e9 opatrenia na I MAXIN\u00b4S\",\"isPartOf\":{\"@id\":\"https:\/\/www.maxins.sk\/#website\"},\"primaryImageOfPage\":{\"@id\":\"https:\/\/www.maxins.sk\/blog\/respondentom-chybaju-vladne-opatrenia-na-zlepsenie-podnikatelskeho-prostredia\/#primaryimage\"},\"image\":{\"@id\":\"https:\/\/www.maxins.sk\/blog\/respondentom-chybaju-vladne-opatrenia-na-zlepsenie-podnikatelskeho-prostredia\/#primaryimage\"},\"thumbnailUrl\":\"https:\/\/www.maxins.sk\/wp-content\/uploads\/2023\/12\/konsolidacia.jpg\",\"datePublished\":\"2023-12-14T16:00:59+00:00\",\"dateModified\":\"2024-04-24T06:53:58+00:00\",\"author\":{\"@id\":\"https:\/\/www.maxins.sk\/#\/schema\/person\/8a1461b21228bfcdfaf213163b99d21c\"},\"description\":\"Zistite, ak\u00e9 s\u00fa hlavn\u00e9 ciele a pr\u00ednosy opatren\u00ed na zlep\u0161enie podnikate\u013esk\u00e9ho prostredia, ktor\u00e9 vl\u00e1da SR pl\u00e1nuje alebo u\u017e implementuje.\",\"breadcrumb\":{\"@id\":\"https:\/\/www.maxins.sk\/blog\/respondentom-chybaju-vladne-opatrenia-na-zlepsenie-podnikatelskeho-prostredia\/#breadcrumb\"},\"inLanguage\":\"de\",\"potentialAction\":[{\"@type\":\"ReadAction\",\"target\":[\"https:\/\/www.maxins.sk\/blog\/respondentom-chybaju-vladne-opatrenia-na-zlepsenie-podnikatelskeho-prostredia\/\"]}]},{\"@type\":\"ImageObject\",\"inLanguage\":\"de\",\"@id\":\"https:\/\/www.maxins.sk\/blog\/respondentom-chybaju-vladne-opatrenia-na-zlepsenie-podnikatelskeho-prostredia\/#primaryimage\",\"url\":\"https:\/\/www.maxins.sk\/wp-content\/uploads\/2023\/12\/konsolidacia.jpg\",\"contentUrl\":\"https:\/\/www.maxins.sk\/wp-content\/uploads\/2023\/12\/konsolidacia.jpg\",\"width\":1260,\"height\":980},{\"@type\":\"BreadcrumbList\",\"@id\":\"https:\/\/www.maxins.sk\/blog\/respondentom-chybaju-vladne-opatrenia-na-zlepsenie-podnikatelskeho-prostredia\/#breadcrumb\",\"itemListElement\":[{\"@type\":\"ListItem\",\"position\":1,\"name\":\"Domovsk\u00e1 str\u00e1nka\",\"item\":\"https:\/\/www.maxins.sk\/de\/\"},{\"@type\":\"ListItem\",\"position\":2,\"name\":\"Respondentom ch\u00fdbaj\u00fa vl\u00e1dne opatrenia na zlep\u0161enie podnikate\u013esk\u00e9ho prostredia\"}]},{\"@type\":\"WebSite\",\"@id\":\"https:\/\/www.maxins.sk\/#website\",\"url\":\"https:\/\/www.maxins.sk\/\",\"name\":\"MAXIN\u2019S Person\u00e1lna agent\u00fara\",\"description\":\"\",\"potentialAction\":[{\"@type\":\"SearchAction\",\"target\":{\"@type\":\"EntryPoint\",\"urlTemplate\":\"https:\/\/www.maxins.sk\/?s={search_term_string}\"},\"query-input\":{\"@type\":\"PropertyValueSpecification\",\"valueRequired\":true,\"valueName\":\"search_term_string\"}}],\"inLanguage\":\"de\"},{\"@type\":\"Person\",\"@id\":\"https:\/\/www.maxins.sk\/#\/schema\/person\/8a1461b21228bfcdfaf213163b99d21c\",\"name\":\"Viliam Dzuri\u0161\",\"image\":{\"@type\":\"ImageObject\",\"inLanguage\":\"de\",\"@id\":\"https:\/\/www.maxins.sk\/#\/schema\/person\/image\/\",\"url\":\"https:\/\/secure.gravatar.com\/avatar\/29414707a595d9d941ddce6b30fc9499b73201a58080b10fc20d9b40b4a9b4ae?s=96&d=mm&r=g\",\"contentUrl\":\"https:\/\/secure.gravatar.com\/avatar\/29414707a595d9d941ddce6b30fc9499b73201a58080b10fc20d9b40b4a9b4ae?s=96&d=mm&r=g\",\"caption\":\"Viliam Dzuri\u0161\"},\"url\":\"https:\/\/www.maxins.sk\/de\/blog\/author\/viliamdzuris\/\"}]}<\/script>\n<!-- \/ Yoast SEO plugin. -->","yoast_head_json":{"title":"Respondentom ch\u00fdbaj\u00fa vl\u00e1dn\u00e9 opatrenia na I MAXIN\u00b4S","description":"Zistite, ak\u00e9 s\u00fa hlavn\u00e9 ciele a pr\u00ednosy opatren\u00ed na zlep\u0161enie podnikate\u013esk\u00e9ho prostredia, ktor\u00e9 vl\u00e1da SR pl\u00e1nuje alebo u\u017e implementuje.","robots":{"index":"index","follow":"follow","max-snippet":"max-snippet:-1","max-image-preview":"max-image-preview:large","max-video-preview":"max-video-preview:-1"},"canonical":"https:\/\/www.maxins.sk\/blog\/respondentom-chybaju-vladne-opatrenia-na-zlepsenie-podnikatelskeho-prostredia\/","og_locale":"de_DE","og_type":"article","og_title":"Respondentom ch\u00fdbaj\u00fa vl\u00e1dn\u00e9 opatrenia na I MAXIN\u00b4S","og_description":"Zistite, ak\u00e9 s\u00fa hlavn\u00e9 ciele a pr\u00ednosy opatren\u00ed na zlep\u0161enie podnikate\u013esk\u00e9ho prostredia, ktor\u00e9 vl\u00e1da SR pl\u00e1nuje alebo u\u017e implementuje.","og_url":"https:\/\/www.maxins.sk\/blog\/respondentom-chybaju-vladne-opatrenia-na-zlepsenie-podnikatelskeho-prostredia\/","og_site_name":"MAXIN&#039;S","article_published_time":"2023-12-14T16:00:59+00:00","article_modified_time":"2024-04-24T06:53:58+00:00","og_image":[{"width":1260,"height":980,"url":"https:\/\/www.maxins.sk\/wp-content\/uploads\/2023\/12\/konsolidacia.jpg","type":"image\/jpeg"}],"author":"Viliam Dzuri\u0161","twitter_card":"summary_large_image","twitter_misc":{"Verfasst von":"Viliam Dzuri\u0161","Gesch\u00e4tzte Lesezeit":"3\u00a0Minuten"},"schema":{"@context":"https:\/\/schema.org","@graph":[{"@type":"WebPage","@id":"https:\/\/www.maxins.sk\/blog\/respondentom-chybaju-vladne-opatrenia-na-zlepsenie-podnikatelskeho-prostredia\/","url":"https:\/\/www.maxins.sk\/blog\/respondentom-chybaju-vladne-opatrenia-na-zlepsenie-podnikatelskeho-prostredia\/","name":"Respondentom ch\u00fdbaj\u00fa vl\u00e1dn\u00e9 opatrenia na I MAXIN\u00b4S","isPartOf":{"@id":"https:\/\/www.maxins.sk\/#website"},"primaryImageOfPage":{"@id":"https:\/\/www.maxins.sk\/blog\/respondentom-chybaju-vladne-opatrenia-na-zlepsenie-podnikatelskeho-prostredia\/#primaryimage"},"image":{"@id":"https:\/\/www.maxins.sk\/blog\/respondentom-chybaju-vladne-opatrenia-na-zlepsenie-podnikatelskeho-prostredia\/#primaryimage"},"thumbnailUrl":"https:\/\/www.maxins.sk\/wp-content\/uploads\/2023\/12\/konsolidacia.jpg","datePublished":"2023-12-14T16:00:59+00:00","dateModified":"2024-04-24T06:53:58+00:00","author":{"@id":"https:\/\/www.maxins.sk\/#\/schema\/person\/8a1461b21228bfcdfaf213163b99d21c"},"description":"Zistite, ak\u00e9 s\u00fa hlavn\u00e9 ciele a pr\u00ednosy opatren\u00ed na zlep\u0161enie podnikate\u013esk\u00e9ho prostredia, ktor\u00e9 vl\u00e1da SR pl\u00e1nuje alebo u\u017e implementuje.","breadcrumb":{"@id":"https:\/\/www.maxins.sk\/blog\/respondentom-chybaju-vladne-opatrenia-na-zlepsenie-podnikatelskeho-prostredia\/#breadcrumb"},"inLanguage":"de","potentialAction":[{"@type":"ReadAction","target":["https:\/\/www.maxins.sk\/blog\/respondentom-chybaju-vladne-opatrenia-na-zlepsenie-podnikatelskeho-prostredia\/"]}]},{"@type":"ImageObject","inLanguage":"de","@id":"https:\/\/www.maxins.sk\/blog\/respondentom-chybaju-vladne-opatrenia-na-zlepsenie-podnikatelskeho-prostredia\/#primaryimage","url":"https:\/\/www.maxins.sk\/wp-content\/uploads\/2023\/12\/konsolidacia.jpg","contentUrl":"https:\/\/www.maxins.sk\/wp-content\/uploads\/2023\/12\/konsolidacia.jpg","width":1260,"height":980},{"@type":"BreadcrumbList","@id":"https:\/\/www.maxins.sk\/blog\/respondentom-chybaju-vladne-opatrenia-na-zlepsenie-podnikatelskeho-prostredia\/#breadcrumb","itemListElement":[{"@type":"ListItem","position":1,"name":"Domovsk\u00e1 str\u00e1nka","item":"https:\/\/www.maxins.sk\/de\/"},{"@type":"ListItem","position":2,"name":"Respondentom ch\u00fdbaj\u00fa vl\u00e1dne opatrenia na zlep\u0161enie podnikate\u013esk\u00e9ho prostredia"}]},{"@type":"WebSite","@id":"https:\/\/www.maxins.sk\/#website","url":"https:\/\/www.maxins.sk\/","name":"MAXIN\u2019S Person\u00e1lna agent\u00fara","description":"","potentialAction":[{"@type":"SearchAction","target":{"@type":"EntryPoint","urlTemplate":"https:\/\/www.maxins.sk\/?s={search_term_string}"},"query-input":{"@type":"PropertyValueSpecification","valueRequired":true,"valueName":"search_term_string"}}],"inLanguage":"de"},{"@type":"Person","@id":"https:\/\/www.maxins.sk\/#\/schema\/person\/8a1461b21228bfcdfaf213163b99d21c","name":"Viliam Dzuri\u0161","image":{"@type":"ImageObject","inLanguage":"de","@id":"https:\/\/www.maxins.sk\/#\/schema\/person\/image\/","url":"https:\/\/secure.gravatar.com\/avatar\/29414707a595d9d941ddce6b30fc9499b73201a58080b10fc20d9b40b4a9b4ae?s=96&d=mm&r=g","contentUrl":"https:\/\/secure.gravatar.com\/avatar\/29414707a595d9d941ddce6b30fc9499b73201a58080b10fc20d9b40b4a9b4ae?s=96&d=mm&r=g","caption":"Viliam Dzuri\u0161"},"url":"https:\/\/www.maxins.sk\/de\/blog\/author\/viliamdzuris\/"}]}},"_links":{"self":[{"href":"https:\/\/www.maxins.sk\/de\/wp-json\/wp\/v2\/posts\/6656","targetHints":{"allow":["GET"]}}],"collection":[{"href":"https:\/\/www.maxins.sk\/de\/wp-json\/wp\/v2\/posts"}],"about":[{"href":"https:\/\/www.maxins.sk\/de\/wp-json\/wp\/v2\/types\/post"}],"author":[{"embeddable":true,"href":"https:\/\/www.maxins.sk\/de\/wp-json\/wp\/v2\/users\/17"}],"replies":[{"embeddable":true,"href":"https:\/\/www.maxins.sk\/de\/wp-json\/wp\/v2\/comments?post=6656"}],"version-history":[{"count":9,"href":"https:\/\/www.maxins.sk\/de\/wp-json\/wp\/v2\/posts\/6656\/revisions"}],"predecessor-version":[{"id":7815,"href":"https:\/\/www.maxins.sk\/de\/wp-json\/wp\/v2\/posts\/6656\/revisions\/7815"}],"wp:featuredmedia":[{"embeddable":true,"href":"https:\/\/www.maxins.sk\/de\/wp-json\/wp\/v2\/media\/6660"}],"wp:attachment":[{"href":"https:\/\/www.maxins.sk\/de\/wp-json\/wp\/v2\/media?parent=6656"}],"wp:term":[{"taxonomy":"category","embeddable":true,"href":"https:\/\/www.maxins.sk\/de\/wp-json\/wp\/v2\/categories?post=6656"},{"taxonomy":"post_tag","embeddable":true,"href":"https:\/\/www.maxins.sk\/de\/wp-json\/wp\/v2\/tags?post=6656"}],"curies":[{"name":"wp","href":"https:\/\/api.w.org\/{rel}","templated":true}]}}