{"id":4553,"date":"2022-08-24T10:45:48","date_gmt":"2022-08-24T08:45:48","guid":{"rendered":"https:\/\/www.maxins.sk\/?p=4553"},"modified":"2022-09-05T11:12:57","modified_gmt":"2022-09-05T09:12:57","slug":"pracovny-pohovor-co-by-si-personalista-nemal-dovolit-a-ako-na-to-reagovat","status":"publish","type":"post","link":"https:\/\/www.maxins.sk\/de\/blog\/pracovny-pohovor-co-by-si-personalista-nemal-dovolit-a-ako-na-to-reagovat\/","title":{"rendered":"Pracovn\u00fd pohovor: \u010co by si personalista nemal dovoli\u0165 a ako na to reagova\u0165?"},"content":{"rendered":"<p>Ako reagova\u0165 na ot\u00e1zky, ktor\u00e9 nepova\u017eujete za vhodn\u00e9? Vek, rodinn\u00fd stav, pomery, v ktor\u00fdch ste vyr\u00e1stli, vierovyznanie, politick\u00e9 preferencie\u2026 To je len \u010das\u0165 t\u00e9m, ktor\u00e9 by personalista nemal na pracovnom pohovore zis\u0165ova\u0165.<\/p>\n<p>S\u00fa nielen nevhodn\u00e9, ale m\u00f4\u017eu poru\u0161ova\u0165 aj z\u00e1kon. Pod\u013ea Z\u00e1konn\u00edka pr\u00e1ce sa toti\u017e potenci\u00e1lny zamestn\u00e1vate\u013e m\u00f4\u017ee p\u00fdta\u0165 iba na to, \u010do bezprostredne s\u00favis\u00ed s pracovnou n\u00e1pl\u0148ou, vzdelan\u00edm a s uzavret\u00edm pracovnej zmluvy.<\/p>\n<p><span style=\"color: #d8ab65;\"><strong>Ako (ne)odpoveda\u0165?<\/strong><\/span><\/p>\n<p>Napriek tomu, \u017ee z\u00e1kon je relat\u00edvne jasn\u00fd a striktn\u00fd, prax b\u00fdva trochu in\u00e1. \u201eSk\u00fasen\u00fd personalista v\u017edy smeruje pohovor tak, aby neporu\u0161oval z\u00e1kon a nep\u00fdtal sa na skuto\u010dnosti, ktor\u00e9 nie s\u00fa dovolen\u00e9. Z\u00e1rove\u0148 je v\u0161ak jeho \u00falohou zisti\u0165, \u010di uch\u00e1dza\u010d o pr\u00e1cu bude vhodn\u00fd \u010dlovek nielen na z\u00e1klade po\u017eadovan\u00e9ho vzdelania, praxe, ale aj osobnosti, aby zdie\u013eal firemn\u00fa kult\u00faru a jej hodnoty,\u201c hovor\u00ed Roman Ku\u010dera, CEO person\u00e1lnej agent\u00fary MAXIN&#8217;S Group. Pripom\u00edna, \u017ee ako uch\u00e1dza\u010d m\u00e1te nieko\u013eko mo\u017enost\u00ed, ako na nevhodn\u00e9 ot\u00e1zky reagova\u0165.<\/p>\n<p>\u201eUr\u010dite odpor\u00fa\u010dam asertivitu, rozvahu a slu\u0161nos\u0165. Ke\u010f sa v\u00e1s op\u00fdtaj\u00fa napr\u00edklad na to, \u010di v\u00e1m m\u00e1 kto str\u00e1\u017ei\u0165 deti cez pr\u00e1zdniny, nie je va\u0161ou povinnos\u0165ou odpoveda\u0165 ako v \u0161kole. No cie\u013eom ot\u00e1zky je mo\u017eno iba zisti\u0165, ako budete ma\u0165 pokryt\u00e9 letn\u00e9 pr\u00e1zdniny, ktor\u00e9 s\u00favisia s Va\u0161ou pr\u00e1cou pre dan\u00fa spolo\u010dnos\u0165\u201c opisuje mo\u017en\u00e9 scen\u00e1re odborn\u00edk.<\/p>\n<p>Vyhodno\u0165te teda situ\u00e1ciu a pod\u013ea nej reagujte, napr\u00edklad: \u201eNa t\u00fato ot\u00e1zku nie som povinn\u00e1\/povinn\u00fd odpoveda\u0165, ale viem, \u017ee pre zamestn\u00e1vate\u013ea je d\u00f4le\u017eit\u00e9, ako si viem zorganizova\u0165 rodinn\u00fd \u017eivot. Mysl\u00edm, \u017ee to v tomto smere zvl\u00e1dam.\u201c Alebo: \u201eNerada\/ner\u00e1d by som odbiehala\/odbiehal do osobnej roviny. Po\u010fme sa rad\u0161ej bavi\u0165 o n\u00e1plni pr\u00e1ce a povinnostiach.\u201c<\/p>\n<p><span style=\"color: #d8ab65;\"><strong>Pr\u00e1vo na va\u0161ej strane<\/strong><\/span><\/p>\n<p>Pod\u013ea takzvan\u00e9ho antidiskrimina\u010dn\u00e9ho z\u00e1kona (z\u00e1kon \u010d. Z\u00e1kon \u010d. 365\/2004 Z. z.), Z\u00e1konn\u00edka pr\u00e1ce (z\u00e1kon \u010d. 76\/2021 Z.z.) a z\u00e1kona o zamestnanosti \u010d. 5\/2004 Z.z. je diskrimin\u00e1cia v pracovno-pr\u00e1vnych vz\u0165ahoch zak\u00e1zan\u00e1. Za pracovno-pr\u00e1vny vz\u0165ah sa pova\u017euje aj pracovn\u00fd pohovor.<\/p>\n<p><span style=\"color: #d8ab65;\"><strong>\u010eal\u0161ie mo\u017enosti<\/strong><\/span><\/p>\n<p>Ka\u017ed\u00fd uch\u00e1dza\u010d o pr\u00e1cu je pred diskrimin\u00e1ciou chr\u00e1nen\u00fd legislat\u00edvou. \u201eAk sa v\u00e1m zd\u00e1, \u017ee sa pohovor vyv\u00edja nevhodn\u00fdm smerom, m\u00f4\u017eete na to vhodn\u00fdm sp\u00f4sobom upozorni\u0165. Strach nie je namieste, rovnako ako sa nehod\u00ed drz\u00e9 spr\u00e1vanie. Mo\u017eno nebudete vedie\u0165, \u010do je re\u00e1lnym cie\u013eom zis\u0165ovania na z\u00e1klade polo\u017een\u00fdch ot\u00e1zok, ale ak sa v\u00e1m skuto\u010dne nepozd\u00e1vaj\u00fa, zrejme sa v\u00e1m nebude pozd\u00e1va\u0165 ani potencion\u00e1lny zamestn\u00e1vate\u013e,\u201c mysl\u00ed si Ku\u010dera.<\/p>\n<p>V pr\u00edpade, \u017ee bol pohovor skuto\u010dne \u201eza \u010diarou\u201c, m\u00f4\u017eete da\u0165 podnet na \u0160t\u00e1tny \u00farad in\u0161pekcie pr\u00e1ce, ktor\u00fd je povinn\u00fd podnet preveri\u0165.<\/p>\n<p>Krajnou mo\u017enos\u0165ou je podanie \u017ealoby na s\u00fade, kde mus\u00ed zamestn\u00e1vate\u013e dok\u00e1za\u0165, \u017ee ku diskrimin\u00e1cii nedo\u0161lo, ale rovnako ako on, tak aj protistrana musia ma\u0165 d\u00f4kazy (v prvom rade p\u00edsomn\u00e9), \u010do niekedy b\u00fdva na dlh\u00e9 lakte.<\/p>\n<p>\u201eT\u00fdmto scen\u00e1rom sa vyhnete, pokia\u013e si pr\u00e1cu h\u013ead\u00e1te prostredn\u00edctvom etablovanej person\u00e1lnej agent\u00fary. Jej zamestnanci s\u00fa \u0161kolen\u00ed v komunika\u010dn\u00fdch zru\u010dnostiach a maj\u00fa sk\u00fasenosti aj v oblasti pr\u00e1va a skuto\u010dne vedia, \u010do si m\u00f4\u017eu a \u010do nem\u00f4\u017eu dovoli\u0165. S\u00fa sty\u010dn\u00fdm d\u00f4stojn\u00edkom medzi zamestn\u00e1vate\u013eom a uch\u00e1dza\u010dom o pr\u00e1cu a \u010dasto dok\u00e1\u017eu mnoh\u00e9 veci odkomunikova\u0165 na oboch stran\u00e1ch bez toho, aby medzi nimi do\u0161lo k nezhod\u00e1m, nap\u00e4tiu alebo in\u00fdm nepr\u00edjemn\u00fdm situ\u00e1ci\u00e1m,\u201c uzatv\u00e1ra Roman Ku\u010dera.<\/p>\n<p><span style=\"color: #d8ab65;\"><strong>Nevhodn\u00e9 ot\u00e1zky<\/strong><\/span><\/p>\n<p>Pr\u00edklad ot\u00e1zok, ktor\u00e9 dobr\u00ed personalisti pova\u017euj\u00fa za nevhodn\u00e9 a ktor\u00e9 m\u00f4\u017eu by\u0165 pod\u013ea litery z\u00e1kona diskrimina\u010dn\u00e9. Ide najm\u00e4 o ot\u00e1zky, ktor\u00e9 sa t\u00fdkaj\u00fa:<\/p>\n<ul>\n<li>Vierovyznania (Chod\u00edte do kostola?)<\/li>\n<li>Politick\u00fdch preferenci\u00ed (Koho ste volili v posledn\u00fdch vo\u013eb\u00e1ch? Ste \u010dlenom nejakej politickej strany?)<\/li>\n<li>Rasy (Kde ste sa takto pekne op\u00e1lili uprostred zimy? Je jeden z va\u0161ich rodi\u010dov cudzinec? M\u00e1te pr\u00edzvuk, odkia\u013e ste?)<\/li>\n<li>Rodinn\u00fdch pomerov (Ste vydat\u00e1\/\u017eenat\u00fd? Pl\u00e1nujete deti?)<\/li>\n<li>Majetkov\u00fdch pomerov (B\u00fdvate v dome alebo v byte?)<\/li>\n<li>Sexu\u00e1lnej orient\u00e1cie (I\u0161li by ste na D\u00fahov\u00fd pochod?)<\/li>\n<li>Zdravia (B\u00fdvate \u010dasto chor\u00e1\/chor\u00fd?)<\/li>\n<\/ul>\n<p><a href=\"https:\/\/uzitocna.pravda.sk\/praca-a-kariera\/clanok\/637946-pracovny-pohovor-co-by-si-personalista-nemal-dovolit-a-ako-na-to-reagovat\/\"><span style=\"color: #000000;\"><strong>ZDROJ: pravda.sk &#8211; 24.augusta 2022 , Vydavate\u013e: OUR MEDIA SR a.s. , Rubrika: U\u017eito\u010dn\u00e1 pravda &#8211; Pr\u00e1ca a kari\u00e9ra<\/strong><\/span><\/a><\/p>\n","protected":false},"excerpt":{"rendered":"<p>Nielen slu\u0161nos\u0165, ale aj legislat\u00edva ur\u010duje, \u010do je a \u010do nie je dovolen\u00e9 zis\u0165ova\u0165 ot\u00e1zkami na pracovnom pohovore. Z poh\u013eadu pr\u00e1va by mal by\u0165 s\u00fakromn\u00fd \u017eivot od pracovn\u00e9ho oddelen\u00fd.<\/p>\n","protected":false},"author":4,"featured_media":4566,"comment_status":"open","ping_status":"open","sticky":false,"template":"","format":"standard","meta":{"_acf_changed":false,"inline_featured_image":false,"footnotes":""},"categories":[12],"tags":[],"class_list":["post-4553","post","type-post","status-publish","format-standard","has-post-thumbnail","hentry","category-maxins-tipy"],"acf":[],"yoast_head":"<!-- This site is optimized with the Yoast SEO plugin v26.1.1 - https:\/\/yoast.com\/wordpress\/plugins\/seo\/ -->\n<title>Pracovn\u00fd pohovor: \u010co by si personalista nemal dovoli\u0165 a ako na to reagova\u0165? - MAXIN&#039;S<\/title>\n<meta name=\"robots\" content=\"index, follow, max-snippet:-1, max-image-preview:large, max-video-preview:-1\" \/>\n<link rel=\"canonical\" href=\"https:\/\/www.maxins.sk\/blog\/pracovny-pohovor-co-by-si-personalista-nemal-dovolit-a-ako-na-to-reagovat\/\" \/>\n<meta property=\"og:locale\" content=\"de_DE\" \/>\n<meta property=\"og:type\" content=\"article\" \/>\n<meta property=\"og:title\" content=\"Pracovn\u00fd pohovor: \u010co by si personalista nemal dovoli\u0165 a ako na to reagova\u0165? - MAXIN&#039;S\" \/>\n<meta property=\"og:description\" content=\"Nielen slu\u0161nos\u0165, ale aj legislat\u00edva ur\u010duje, \u010do je a \u010do nie je dovolen\u00e9 zis\u0165ova\u0165 ot\u00e1zkami na pracovnom pohovore. Z poh\u013eadu pr\u00e1va by mal by\u0165 s\u00fakromn\u00fd \u017eivot od pracovn\u00e9ho oddelen\u00fd.\" \/>\n<meta property=\"og:url\" content=\"https:\/\/www.maxins.sk\/blog\/pracovny-pohovor-co-by-si-personalista-nemal-dovolit-a-ako-na-to-reagovat\/\" \/>\n<meta property=\"og:site_name\" content=\"MAXIN&#039;S\" \/>\n<meta property=\"article:published_time\" content=\"2022-08-24T08:45:48+00:00\" \/>\n<meta property=\"article:modified_time\" content=\"2022-09-05T09:12:57+00:00\" \/>\n<meta property=\"og:image\" content=\"https:\/\/www.maxins.sk\/wp-content\/uploads\/2022\/08\/pracovny-pohovor-maxins-2.jpg\" \/>\n\t<meta property=\"og:image:width\" content=\"2131\" \/>\n\t<meta property=\"og:image:height\" content=\"1131\" \/>\n\t<meta property=\"og:image:type\" content=\"image\/jpeg\" \/>\n<meta name=\"author\" content=\"Dominika \u010ceklovsk\u00e1\" \/>\n<meta name=\"twitter:card\" content=\"summary_large_image\" \/>\n<meta name=\"twitter:label1\" content=\"Verfasst von\" \/>\n\t<meta name=\"twitter:data1\" content=\"Dominika \u010ceklovsk\u00e1\" \/>\n\t<meta name=\"twitter:label2\" content=\"Gesch\u00e4tzte Lesezeit\" \/>\n\t<meta name=\"twitter:data2\" content=\"3\u00a0Minuten\" \/>\n<script type=\"application\/ld+json\" class=\"yoast-schema-graph\">{\"@context\":\"https:\/\/schema.org\",\"@graph\":[{\"@type\":\"WebPage\",\"@id\":\"https:\/\/www.maxins.sk\/blog\/pracovny-pohovor-co-by-si-personalista-nemal-dovolit-a-ako-na-to-reagovat\/\",\"url\":\"https:\/\/www.maxins.sk\/blog\/pracovny-pohovor-co-by-si-personalista-nemal-dovolit-a-ako-na-to-reagovat\/\",\"name\":\"Pracovn\u00fd pohovor: \u010co by si personalista nemal dovoli\u0165 a ako na to reagova\u0165? - MAXIN&#039;S\",\"isPartOf\":{\"@id\":\"https:\/\/www.maxins.sk\/#website\"},\"primaryImageOfPage\":{\"@id\":\"https:\/\/www.maxins.sk\/blog\/pracovny-pohovor-co-by-si-personalista-nemal-dovolit-a-ako-na-to-reagovat\/#primaryimage\"},\"image\":{\"@id\":\"https:\/\/www.maxins.sk\/blog\/pracovny-pohovor-co-by-si-personalista-nemal-dovolit-a-ako-na-to-reagovat\/#primaryimage\"},\"thumbnailUrl\":\"https:\/\/www.maxins.sk\/wp-content\/uploads\/2022\/08\/pracovny-pohovor-maxins-2.jpg\",\"datePublished\":\"2022-08-24T08:45:48+00:00\",\"dateModified\":\"2022-09-05T09:12:57+00:00\",\"author\":{\"@id\":\"https:\/\/www.maxins.sk\/#\/schema\/person\/2dd10f129f5f596b247294134db949f6\"},\"breadcrumb\":{\"@id\":\"https:\/\/www.maxins.sk\/blog\/pracovny-pohovor-co-by-si-personalista-nemal-dovolit-a-ako-na-to-reagovat\/#breadcrumb\"},\"inLanguage\":\"de\",\"potentialAction\":[{\"@type\":\"ReadAction\",\"target\":[\"https:\/\/www.maxins.sk\/blog\/pracovny-pohovor-co-by-si-personalista-nemal-dovolit-a-ako-na-to-reagovat\/\"]}]},{\"@type\":\"ImageObject\",\"inLanguage\":\"de\",\"@id\":\"https:\/\/www.maxins.sk\/blog\/pracovny-pohovor-co-by-si-personalista-nemal-dovolit-a-ako-na-to-reagovat\/#primaryimage\",\"url\":\"https:\/\/www.maxins.sk\/wp-content\/uploads\/2022\/08\/pracovny-pohovor-maxins-2.jpg\",\"contentUrl\":\"https:\/\/www.maxins.sk\/wp-content\/uploads\/2022\/08\/pracovny-pohovor-maxins-2.jpg\",\"width\":2131,\"height\":1131,\"caption\":\"praco\u00fd pohovor\"},{\"@type\":\"BreadcrumbList\",\"@id\":\"https:\/\/www.maxins.sk\/blog\/pracovny-pohovor-co-by-si-personalista-nemal-dovolit-a-ako-na-to-reagovat\/#breadcrumb\",\"itemListElement\":[{\"@type\":\"ListItem\",\"position\":1,\"name\":\"Domovsk\u00e1 str\u00e1nka\",\"item\":\"https:\/\/www.maxins.sk\/de\/\"},{\"@type\":\"ListItem\",\"position\":2,\"name\":\"Pracovn\u00fd pohovor: \u010co by si personalista nemal dovoli\u0165 a ako na to reagova\u0165?\"}]},{\"@type\":\"WebSite\",\"@id\":\"https:\/\/www.maxins.sk\/#website\",\"url\":\"https:\/\/www.maxins.sk\/\",\"name\":\"MAXIN\u2019S Person\u00e1lna agent\u00fara\",\"description\":\"\",\"potentialAction\":[{\"@type\":\"SearchAction\",\"target\":{\"@type\":\"EntryPoint\",\"urlTemplate\":\"https:\/\/www.maxins.sk\/?s={search_term_string}\"},\"query-input\":{\"@type\":\"PropertyValueSpecification\",\"valueRequired\":true,\"valueName\":\"search_term_string\"}}],\"inLanguage\":\"de\"},{\"@type\":\"Person\",\"@id\":\"https:\/\/www.maxins.sk\/#\/schema\/person\/2dd10f129f5f596b247294134db949f6\",\"name\":\"Dominika \u010ceklovsk\u00e1\",\"image\":{\"@type\":\"ImageObject\",\"inLanguage\":\"de\",\"@id\":\"https:\/\/www.maxins.sk\/#\/schema\/person\/image\/\",\"url\":\"https:\/\/secure.gravatar.com\/avatar\/242aeef22685783141b91a4aa2c2865b86a4a82313a09b29d7adceeb2c57d42a?s=96&d=mm&r=g\",\"contentUrl\":\"https:\/\/secure.gravatar.com\/avatar\/242aeef22685783141b91a4aa2c2865b86a4a82313a09b29d7adceeb2c57d42a?s=96&d=mm&r=g\",\"caption\":\"Dominika \u010ceklovsk\u00e1\"},\"sameAs\":[\"http:\/\/\u010ceklovsk\u00e1\"],\"url\":\"https:\/\/www.maxins.sk\/de\/blog\/author\/ceklovska\/\"}]}<\/script>\n<!-- \/ Yoast SEO plugin. -->","yoast_head_json":{"title":"Pracovn\u00fd pohovor: \u010co by si personalista nemal dovoli\u0165 a ako na to reagova\u0165? - MAXIN&#039;S","robots":{"index":"index","follow":"follow","max-snippet":"max-snippet:-1","max-image-preview":"max-image-preview:large","max-video-preview":"max-video-preview:-1"},"canonical":"https:\/\/www.maxins.sk\/blog\/pracovny-pohovor-co-by-si-personalista-nemal-dovolit-a-ako-na-to-reagovat\/","og_locale":"de_DE","og_type":"article","og_title":"Pracovn\u00fd pohovor: \u010co by si personalista nemal dovoli\u0165 a ako na to reagova\u0165? - MAXIN&#039;S","og_description":"Nielen slu\u0161nos\u0165, ale aj legislat\u00edva ur\u010duje, \u010do je a \u010do nie je dovolen\u00e9 zis\u0165ova\u0165 ot\u00e1zkami na pracovnom pohovore. Z poh\u013eadu pr\u00e1va by mal by\u0165 s\u00fakromn\u00fd \u017eivot od pracovn\u00e9ho oddelen\u00fd.","og_url":"https:\/\/www.maxins.sk\/blog\/pracovny-pohovor-co-by-si-personalista-nemal-dovolit-a-ako-na-to-reagovat\/","og_site_name":"MAXIN&#039;S","article_published_time":"2022-08-24T08:45:48+00:00","article_modified_time":"2022-09-05T09:12:57+00:00","og_image":[{"width":2131,"height":1131,"url":"https:\/\/www.maxins.sk\/wp-content\/uploads\/2022\/08\/pracovny-pohovor-maxins-2.jpg","type":"image\/jpeg"}],"author":"Dominika \u010ceklovsk\u00e1","twitter_card":"summary_large_image","twitter_misc":{"Verfasst von":"Dominika \u010ceklovsk\u00e1","Gesch\u00e4tzte Lesezeit":"3\u00a0Minuten"},"schema":{"@context":"https:\/\/schema.org","@graph":[{"@type":"WebPage","@id":"https:\/\/www.maxins.sk\/blog\/pracovny-pohovor-co-by-si-personalista-nemal-dovolit-a-ako-na-to-reagovat\/","url":"https:\/\/www.maxins.sk\/blog\/pracovny-pohovor-co-by-si-personalista-nemal-dovolit-a-ako-na-to-reagovat\/","name":"Pracovn\u00fd pohovor: \u010co by si personalista nemal dovoli\u0165 a ako na to reagova\u0165? - MAXIN&#039;S","isPartOf":{"@id":"https:\/\/www.maxins.sk\/#website"},"primaryImageOfPage":{"@id":"https:\/\/www.maxins.sk\/blog\/pracovny-pohovor-co-by-si-personalista-nemal-dovolit-a-ako-na-to-reagovat\/#primaryimage"},"image":{"@id":"https:\/\/www.maxins.sk\/blog\/pracovny-pohovor-co-by-si-personalista-nemal-dovolit-a-ako-na-to-reagovat\/#primaryimage"},"thumbnailUrl":"https:\/\/www.maxins.sk\/wp-content\/uploads\/2022\/08\/pracovny-pohovor-maxins-2.jpg","datePublished":"2022-08-24T08:45:48+00:00","dateModified":"2022-09-05T09:12:57+00:00","author":{"@id":"https:\/\/www.maxins.sk\/#\/schema\/person\/2dd10f129f5f596b247294134db949f6"},"breadcrumb":{"@id":"https:\/\/www.maxins.sk\/blog\/pracovny-pohovor-co-by-si-personalista-nemal-dovolit-a-ako-na-to-reagovat\/#breadcrumb"},"inLanguage":"de","potentialAction":[{"@type":"ReadAction","target":["https:\/\/www.maxins.sk\/blog\/pracovny-pohovor-co-by-si-personalista-nemal-dovolit-a-ako-na-to-reagovat\/"]}]},{"@type":"ImageObject","inLanguage":"de","@id":"https:\/\/www.maxins.sk\/blog\/pracovny-pohovor-co-by-si-personalista-nemal-dovolit-a-ako-na-to-reagovat\/#primaryimage","url":"https:\/\/www.maxins.sk\/wp-content\/uploads\/2022\/08\/pracovny-pohovor-maxins-2.jpg","contentUrl":"https:\/\/www.maxins.sk\/wp-content\/uploads\/2022\/08\/pracovny-pohovor-maxins-2.jpg","width":2131,"height":1131,"caption":"praco\u00fd pohovor"},{"@type":"BreadcrumbList","@id":"https:\/\/www.maxins.sk\/blog\/pracovny-pohovor-co-by-si-personalista-nemal-dovolit-a-ako-na-to-reagovat\/#breadcrumb","itemListElement":[{"@type":"ListItem","position":1,"name":"Domovsk\u00e1 str\u00e1nka","item":"https:\/\/www.maxins.sk\/de\/"},{"@type":"ListItem","position":2,"name":"Pracovn\u00fd pohovor: \u010co by si personalista nemal dovoli\u0165 a ako na to reagova\u0165?"}]},{"@type":"WebSite","@id":"https:\/\/www.maxins.sk\/#website","url":"https:\/\/www.maxins.sk\/","name":"MAXIN\u2019S Person\u00e1lna agent\u00fara","description":"","potentialAction":[{"@type":"SearchAction","target":{"@type":"EntryPoint","urlTemplate":"https:\/\/www.maxins.sk\/?s={search_term_string}"},"query-input":{"@type":"PropertyValueSpecification","valueRequired":true,"valueName":"search_term_string"}}],"inLanguage":"de"},{"@type":"Person","@id":"https:\/\/www.maxins.sk\/#\/schema\/person\/2dd10f129f5f596b247294134db949f6","name":"Dominika \u010ceklovsk\u00e1","image":{"@type":"ImageObject","inLanguage":"de","@id":"https:\/\/www.maxins.sk\/#\/schema\/person\/image\/","url":"https:\/\/secure.gravatar.com\/avatar\/242aeef22685783141b91a4aa2c2865b86a4a82313a09b29d7adceeb2c57d42a?s=96&d=mm&r=g","contentUrl":"https:\/\/secure.gravatar.com\/avatar\/242aeef22685783141b91a4aa2c2865b86a4a82313a09b29d7adceeb2c57d42a?s=96&d=mm&r=g","caption":"Dominika \u010ceklovsk\u00e1"},"sameAs":["http:\/\/\u010ceklovsk\u00e1"],"url":"https:\/\/www.maxins.sk\/de\/blog\/author\/ceklovska\/"}]}},"_links":{"self":[{"href":"https:\/\/www.maxins.sk\/de\/wp-json\/wp\/v2\/posts\/4553","targetHints":{"allow":["GET"]}}],"collection":[{"href":"https:\/\/www.maxins.sk\/de\/wp-json\/wp\/v2\/posts"}],"about":[{"href":"https:\/\/www.maxins.sk\/de\/wp-json\/wp\/v2\/types\/post"}],"author":[{"embeddable":true,"href":"https:\/\/www.maxins.sk\/de\/wp-json\/wp\/v2\/users\/4"}],"replies":[{"embeddable":true,"href":"https:\/\/www.maxins.sk\/de\/wp-json\/wp\/v2\/comments?post=4553"}],"version-history":[{"count":3,"href":"https:\/\/www.maxins.sk\/de\/wp-json\/wp\/v2\/posts\/4553\/revisions"}],"predecessor-version":[{"id":4556,"href":"https:\/\/www.maxins.sk\/de\/wp-json\/wp\/v2\/posts\/4553\/revisions\/4556"}],"wp:featuredmedia":[{"embeddable":true,"href":"https:\/\/www.maxins.sk\/de\/wp-json\/wp\/v2\/media\/4566"}],"wp:attachment":[{"href":"https:\/\/www.maxins.sk\/de\/wp-json\/wp\/v2\/media?parent=4553"}],"wp:term":[{"taxonomy":"category","embeddable":true,"href":"https:\/\/www.maxins.sk\/de\/wp-json\/wp\/v2\/categories?post=4553"},{"taxonomy":"post_tag","embeddable":true,"href":"https:\/\/www.maxins.sk\/de\/wp-json\/wp\/v2\/tags?post=4553"}],"curies":[{"name":"wp","href":"https:\/\/api.w.org\/{rel}","templated":true}]}}