{"id":4079,"date":"2022-07-08T07:11:46","date_gmt":"2022-07-08T07:11:46","guid":{"rendered":"https:\/\/www.maxins.sk\/?p=4079"},"modified":"2022-07-08T08:21:35","modified_gmt":"2022-07-08T08:21:35","slug":"zaujem-o-brigadnikov-bude-tento-rok-vysoky-ako-sa-nenechat-oklamat-a-na-co-si-musis-dat-pozor","status":"publish","type":"post","link":"https:\/\/www.maxins.sk\/de\/blog\/zaujem-o-brigadnikov-bude-tento-rok-vysoky-ako-sa-nenechat-oklamat-a-na-co-si-musis-dat-pozor\/","title":{"rendered":"Z\u00e1ujem o brig\u00e1dnikov bude tento rok vysok\u00fd. Ako sa nenecha\u0165 oklama\u0165 a na \u010do si mus\u00ed\u0161 da\u0165 pozor"},"content":{"rendered":"<ul>\n<li>Pracova\u0165 popri \u0161t\u00fadiu alebo po\u010das letn\u00fdch pr\u00e1zdnin m\u00f4\u017ee mlad\u00fd \u010dlovek, ktor\u00fd u\u017e dov\u0155\u0161il 16 rokov<\/li>\n<li>Existuj\u00fa v\u0161ak veci, na ktor\u00e9 si mus\u00ed\u0161 da\u0165 pozor<\/li>\n<\/ul>\n<p>Brig\u00e1da je skvel\u00e1 pr\u00edle\u017eitos\u0165, ako si nielen v lete privyrobi\u0165, ale aj z\u00edska\u0165 pracovn\u00e9 sk\u00fasenosti, kontakty a za\u017ei\u0165 nie\u010do nov\u00e9. O \u0161tudentov \u2013 brig\u00e1dnikov bude toto leto ve\u013ek\u00fd z\u00e1ujem, preto\u017ee nezamestnanos\u0165 je n\u00edzka a protikovidov\u00e9 opatrenia s\u00fa utlmen\u00e9.<\/p>\n<ul>\n<li>Brig\u00e1dova\u0165 nem\u00f4\u017ee ka\u017ed\u00fd<\/li>\n<li>Pozor na doklady a zmluvu<\/li>\n<li>Nezabudni na odvody a poistn\u00e9<\/li>\n<\/ul>\n<p>Cel\u00fd \u010dl\u00e1nok si pre\u010d\u00edta\u0161 tu: <a href=\"https:\/\/www.startitup.sk\/zaujem-o-brigadnikov-bude-tento-rok-vysoky-ako-sa-nenechat-oklamat-a-na-co-si-musis-dat-pozor\/\"><strong><span style=\"color: #d8ab65;\">Z\u00e1ujem o brig\u00e1dnikov bude tento rok vysok\u00fd. Ako sa nenecha\u0165 oklama\u0165 a na \u010do si mus\u00ed\u0161 da\u0165 pozor<\/span><\/strong><\/a><\/p>\n<p>ZDROJ: startitup.sk &#8211; 24.j\u00fana 2022 , Autor: Karin Dar\u00e1kov\u00e1 , Vydavate\u013e: Startitup s.r.o , Rubrika: Biznis a startupy<\/p>\n","protected":false},"excerpt":{"rendered":"<p>Pracova\u0165 popri \u0161t\u00fadiu alebo po\u010das letn\u00fdch pr\u00e1zdnin m\u00f4\u017ee mlad\u00fd \u010dlovek, ktor\u00fd u\u017e dov\u0155\u0161il 16 rokov Existuj\u00fa v\u0161ak veci, na ktor\u00e9 si mus\u00ed\u0161 da\u0165 pozor Brig\u00e1da je skvel\u00e1 pr\u00edle\u017eitos\u0165, ako si nielen v lete privyrobi\u0165, ale aj z\u00edska\u0165 pracovn\u00e9 sk\u00fasenosti, kontakty a za\u017ei\u0165 nie\u010do nov\u00e9. O \u0161tudentov \u2013 brig\u00e1dnikov bude toto leto ve\u013ek\u00fd z\u00e1ujem, preto\u017ee nezamestnanos\u0165 [&hellip;]<\/p>\n","protected":false},"author":4,"featured_media":4082,"comment_status":"open","ping_status":"open","sticky":false,"template":"","format":"standard","meta":{"_acf_changed":false,"inline_featured_image":false,"footnotes":""},"categories":[12],"tags":[],"class_list":["post-4079","post","type-post","status-publish","format-standard","has-post-thumbnail","hentry","category-maxins-tipy"],"acf":[],"yoast_head":"<!-- This site is optimized with the Yoast SEO plugin v26.1.1 - https:\/\/yoast.com\/wordpress\/plugins\/seo\/ -->\n<title>Z\u00e1ujem o brig\u00e1dnikov bude tento rok vysok\u00fd. Ako sa nenecha\u0165 oklama\u0165 a na \u010do si mus\u00ed\u0161 da\u0165 pozor - MAXIN&#039;S<\/title>\n<meta name=\"robots\" content=\"index, follow, max-snippet:-1, max-image-preview:large, max-video-preview:-1\" \/>\n<link rel=\"canonical\" href=\"https:\/\/www.maxins.sk\/blog\/zaujem-o-brigadnikov-bude-tento-rok-vysoky-ako-sa-nenechat-oklamat-a-na-co-si-musis-dat-pozor\/\" \/>\n<meta property=\"og:locale\" content=\"de_DE\" \/>\n<meta property=\"og:type\" content=\"article\" \/>\n<meta property=\"og:title\" content=\"Z\u00e1ujem o brig\u00e1dnikov bude tento rok vysok\u00fd. Ako sa nenecha\u0165 oklama\u0165 a na \u010do si mus\u00ed\u0161 da\u0165 pozor - MAXIN&#039;S\" \/>\n<meta property=\"og:description\" content=\"Pracova\u0165 popri \u0161t\u00fadiu alebo po\u010das letn\u00fdch pr\u00e1zdnin m\u00f4\u017ee mlad\u00fd \u010dlovek, ktor\u00fd u\u017e dov\u0155\u0161il 16 rokov Existuj\u00fa v\u0161ak veci, na ktor\u00e9 si mus\u00ed\u0161 da\u0165 pozor Brig\u00e1da je skvel\u00e1 pr\u00edle\u017eitos\u0165, ako si nielen v lete privyrobi\u0165, ale aj z\u00edska\u0165 pracovn\u00e9 sk\u00fasenosti, kontakty a za\u017ei\u0165 nie\u010do nov\u00e9. O \u0161tudentov \u2013 brig\u00e1dnikov bude toto leto ve\u013ek\u00fd z\u00e1ujem, preto\u017ee nezamestnanos\u0165 [&hellip;]\" \/>\n<meta property=\"og:url\" content=\"https:\/\/www.maxins.sk\/blog\/zaujem-o-brigadnikov-bude-tento-rok-vysoky-ako-sa-nenechat-oklamat-a-na-co-si-musis-dat-pozor\/\" \/>\n<meta property=\"og:site_name\" content=\"MAXIN&#039;S\" \/>\n<meta property=\"article:published_time\" content=\"2022-07-08T07:11:46+00:00\" \/>\n<meta property=\"article:modified_time\" content=\"2022-07-08T08:21:35+00:00\" \/>\n<meta property=\"og:image\" content=\"https:\/\/www.maxins.sk\/wp-content\/uploads\/2022\/07\/maxins-letna-brigada.jpg\" \/>\n\t<meta property=\"og:image:width\" content=\"2500\" \/>\n\t<meta property=\"og:image:height\" content=\"1260\" \/>\n\t<meta property=\"og:image:type\" content=\"image\/jpeg\" \/>\n<meta name=\"author\" content=\"Dominika \u010ceklovsk\u00e1\" \/>\n<meta name=\"twitter:card\" content=\"summary_large_image\" \/>\n<meta name=\"twitter:label1\" content=\"Verfasst von\" \/>\n\t<meta name=\"twitter:data1\" content=\"Dominika \u010ceklovsk\u00e1\" \/>\n\t<meta name=\"twitter:label2\" content=\"Gesch\u00e4tzte Lesezeit\" \/>\n\t<meta name=\"twitter:data2\" content=\"1\u00a0Minute\" \/>\n<script type=\"application\/ld+json\" class=\"yoast-schema-graph\">{\"@context\":\"https:\/\/schema.org\",\"@graph\":[{\"@type\":\"WebPage\",\"@id\":\"https:\/\/www.maxins.sk\/blog\/zaujem-o-brigadnikov-bude-tento-rok-vysoky-ako-sa-nenechat-oklamat-a-na-co-si-musis-dat-pozor\/\",\"url\":\"https:\/\/www.maxins.sk\/blog\/zaujem-o-brigadnikov-bude-tento-rok-vysoky-ako-sa-nenechat-oklamat-a-na-co-si-musis-dat-pozor\/\",\"name\":\"Z\u00e1ujem o brig\u00e1dnikov bude tento rok vysok\u00fd. Ako sa nenecha\u0165 oklama\u0165 a na \u010do si mus\u00ed\u0161 da\u0165 pozor - MAXIN&#039;S\",\"isPartOf\":{\"@id\":\"https:\/\/www.maxins.sk\/#website\"},\"primaryImageOfPage\":{\"@id\":\"https:\/\/www.maxins.sk\/blog\/zaujem-o-brigadnikov-bude-tento-rok-vysoky-ako-sa-nenechat-oklamat-a-na-co-si-musis-dat-pozor\/#primaryimage\"},\"image\":{\"@id\":\"https:\/\/www.maxins.sk\/blog\/zaujem-o-brigadnikov-bude-tento-rok-vysoky-ako-sa-nenechat-oklamat-a-na-co-si-musis-dat-pozor\/#primaryimage\"},\"thumbnailUrl\":\"https:\/\/www.maxins.sk\/wp-content\/uploads\/2022\/07\/maxins-letna-brigada.jpg\",\"datePublished\":\"2022-07-08T07:11:46+00:00\",\"dateModified\":\"2022-07-08T08:21:35+00:00\",\"author\":{\"@id\":\"https:\/\/www.maxins.sk\/#\/schema\/person\/2dd10f129f5f596b247294134db949f6\"},\"breadcrumb\":{\"@id\":\"https:\/\/www.maxins.sk\/blog\/zaujem-o-brigadnikov-bude-tento-rok-vysoky-ako-sa-nenechat-oklamat-a-na-co-si-musis-dat-pozor\/#breadcrumb\"},\"inLanguage\":\"de\",\"potentialAction\":[{\"@type\":\"ReadAction\",\"target\":[\"https:\/\/www.maxins.sk\/blog\/zaujem-o-brigadnikov-bude-tento-rok-vysoky-ako-sa-nenechat-oklamat-a-na-co-si-musis-dat-pozor\/\"]}]},{\"@type\":\"ImageObject\",\"inLanguage\":\"de\",\"@id\":\"https:\/\/www.maxins.sk\/blog\/zaujem-o-brigadnikov-bude-tento-rok-vysoky-ako-sa-nenechat-oklamat-a-na-co-si-musis-dat-pozor\/#primaryimage\",\"url\":\"https:\/\/www.maxins.sk\/wp-content\/uploads\/2022\/07\/maxins-letna-brigada.jpg\",\"contentUrl\":\"https:\/\/www.maxins.sk\/wp-content\/uploads\/2022\/07\/maxins-letna-brigada.jpg\",\"width\":2500,\"height\":1260,\"caption\":\"Portrait of cheerful male student enjoying learning in coworking office using laptop computer for research,happy freelancer looking at camera during making project for remote job making notes\"},{\"@type\":\"BreadcrumbList\",\"@id\":\"https:\/\/www.maxins.sk\/blog\/zaujem-o-brigadnikov-bude-tento-rok-vysoky-ako-sa-nenechat-oklamat-a-na-co-si-musis-dat-pozor\/#breadcrumb\",\"itemListElement\":[{\"@type\":\"ListItem\",\"position\":1,\"name\":\"Domovsk\u00e1 str\u00e1nka\",\"item\":\"https:\/\/www.maxins.sk\/de\/\"},{\"@type\":\"ListItem\",\"position\":2,\"name\":\"Z\u00e1ujem o brig\u00e1dnikov bude tento rok vysok\u00fd. Ako sa nenecha\u0165 oklama\u0165 a na \u010do si mus\u00ed\u0161 da\u0165 pozor\"}]},{\"@type\":\"WebSite\",\"@id\":\"https:\/\/www.maxins.sk\/#website\",\"url\":\"https:\/\/www.maxins.sk\/\",\"name\":\"MAXIN\u2019S Person\u00e1lna agent\u00fara\",\"description\":\"\",\"potentialAction\":[{\"@type\":\"SearchAction\",\"target\":{\"@type\":\"EntryPoint\",\"urlTemplate\":\"https:\/\/www.maxins.sk\/?s={search_term_string}\"},\"query-input\":{\"@type\":\"PropertyValueSpecification\",\"valueRequired\":true,\"valueName\":\"search_term_string\"}}],\"inLanguage\":\"de\"},{\"@type\":\"Person\",\"@id\":\"https:\/\/www.maxins.sk\/#\/schema\/person\/2dd10f129f5f596b247294134db949f6\",\"name\":\"Dominika \u010ceklovsk\u00e1\",\"image\":{\"@type\":\"ImageObject\",\"inLanguage\":\"de\",\"@id\":\"https:\/\/www.maxins.sk\/#\/schema\/person\/image\/\",\"url\":\"https:\/\/secure.gravatar.com\/avatar\/242aeef22685783141b91a4aa2c2865b86a4a82313a09b29d7adceeb2c57d42a?s=96&d=mm&r=g\",\"contentUrl\":\"https:\/\/secure.gravatar.com\/avatar\/242aeef22685783141b91a4aa2c2865b86a4a82313a09b29d7adceeb2c57d42a?s=96&d=mm&r=g\",\"caption\":\"Dominika \u010ceklovsk\u00e1\"},\"sameAs\":[\"http:\/\/\u010ceklovsk\u00e1\"],\"url\":\"https:\/\/www.maxins.sk\/de\/blog\/author\/ceklovska\/\"}]}<\/script>\n<!-- \/ Yoast SEO plugin. -->","yoast_head_json":{"title":"Z\u00e1ujem o brig\u00e1dnikov bude tento rok vysok\u00fd. Ako sa nenecha\u0165 oklama\u0165 a na \u010do si mus\u00ed\u0161 da\u0165 pozor - MAXIN&#039;S","robots":{"index":"index","follow":"follow","max-snippet":"max-snippet:-1","max-image-preview":"max-image-preview:large","max-video-preview":"max-video-preview:-1"},"canonical":"https:\/\/www.maxins.sk\/blog\/zaujem-o-brigadnikov-bude-tento-rok-vysoky-ako-sa-nenechat-oklamat-a-na-co-si-musis-dat-pozor\/","og_locale":"de_DE","og_type":"article","og_title":"Z\u00e1ujem o brig\u00e1dnikov bude tento rok vysok\u00fd. Ako sa nenecha\u0165 oklama\u0165 a na \u010do si mus\u00ed\u0161 da\u0165 pozor - MAXIN&#039;S","og_description":"Pracova\u0165 popri \u0161t\u00fadiu alebo po\u010das letn\u00fdch pr\u00e1zdnin m\u00f4\u017ee mlad\u00fd \u010dlovek, ktor\u00fd u\u017e dov\u0155\u0161il 16 rokov Existuj\u00fa v\u0161ak veci, na ktor\u00e9 si mus\u00ed\u0161 da\u0165 pozor Brig\u00e1da je skvel\u00e1 pr\u00edle\u017eitos\u0165, ako si nielen v lete privyrobi\u0165, ale aj z\u00edska\u0165 pracovn\u00e9 sk\u00fasenosti, kontakty a za\u017ei\u0165 nie\u010do nov\u00e9. O \u0161tudentov \u2013 brig\u00e1dnikov bude toto leto ve\u013ek\u00fd z\u00e1ujem, preto\u017ee nezamestnanos\u0165 [&hellip;]","og_url":"https:\/\/www.maxins.sk\/blog\/zaujem-o-brigadnikov-bude-tento-rok-vysoky-ako-sa-nenechat-oklamat-a-na-co-si-musis-dat-pozor\/","og_site_name":"MAXIN&#039;S","article_published_time":"2022-07-08T07:11:46+00:00","article_modified_time":"2022-07-08T08:21:35+00:00","og_image":[{"width":2500,"height":1260,"url":"https:\/\/www.maxins.sk\/wp-content\/uploads\/2022\/07\/maxins-letna-brigada.jpg","type":"image\/jpeg"}],"author":"Dominika \u010ceklovsk\u00e1","twitter_card":"summary_large_image","twitter_misc":{"Verfasst von":"Dominika \u010ceklovsk\u00e1","Gesch\u00e4tzte Lesezeit":"1\u00a0Minute"},"schema":{"@context":"https:\/\/schema.org","@graph":[{"@type":"WebPage","@id":"https:\/\/www.maxins.sk\/blog\/zaujem-o-brigadnikov-bude-tento-rok-vysoky-ako-sa-nenechat-oklamat-a-na-co-si-musis-dat-pozor\/","url":"https:\/\/www.maxins.sk\/blog\/zaujem-o-brigadnikov-bude-tento-rok-vysoky-ako-sa-nenechat-oklamat-a-na-co-si-musis-dat-pozor\/","name":"Z\u00e1ujem o brig\u00e1dnikov bude tento rok vysok\u00fd. Ako sa nenecha\u0165 oklama\u0165 a na \u010do si mus\u00ed\u0161 da\u0165 pozor - MAXIN&#039;S","isPartOf":{"@id":"https:\/\/www.maxins.sk\/#website"},"primaryImageOfPage":{"@id":"https:\/\/www.maxins.sk\/blog\/zaujem-o-brigadnikov-bude-tento-rok-vysoky-ako-sa-nenechat-oklamat-a-na-co-si-musis-dat-pozor\/#primaryimage"},"image":{"@id":"https:\/\/www.maxins.sk\/blog\/zaujem-o-brigadnikov-bude-tento-rok-vysoky-ako-sa-nenechat-oklamat-a-na-co-si-musis-dat-pozor\/#primaryimage"},"thumbnailUrl":"https:\/\/www.maxins.sk\/wp-content\/uploads\/2022\/07\/maxins-letna-brigada.jpg","datePublished":"2022-07-08T07:11:46+00:00","dateModified":"2022-07-08T08:21:35+00:00","author":{"@id":"https:\/\/www.maxins.sk\/#\/schema\/person\/2dd10f129f5f596b247294134db949f6"},"breadcrumb":{"@id":"https:\/\/www.maxins.sk\/blog\/zaujem-o-brigadnikov-bude-tento-rok-vysoky-ako-sa-nenechat-oklamat-a-na-co-si-musis-dat-pozor\/#breadcrumb"},"inLanguage":"de","potentialAction":[{"@type":"ReadAction","target":["https:\/\/www.maxins.sk\/blog\/zaujem-o-brigadnikov-bude-tento-rok-vysoky-ako-sa-nenechat-oklamat-a-na-co-si-musis-dat-pozor\/"]}]},{"@type":"ImageObject","inLanguage":"de","@id":"https:\/\/www.maxins.sk\/blog\/zaujem-o-brigadnikov-bude-tento-rok-vysoky-ako-sa-nenechat-oklamat-a-na-co-si-musis-dat-pozor\/#primaryimage","url":"https:\/\/www.maxins.sk\/wp-content\/uploads\/2022\/07\/maxins-letna-brigada.jpg","contentUrl":"https:\/\/www.maxins.sk\/wp-content\/uploads\/2022\/07\/maxins-letna-brigada.jpg","width":2500,"height":1260,"caption":"Portrait of cheerful male student enjoying learning in coworking office using laptop computer for research,happy freelancer looking at camera during making project for remote job making notes"},{"@type":"BreadcrumbList","@id":"https:\/\/www.maxins.sk\/blog\/zaujem-o-brigadnikov-bude-tento-rok-vysoky-ako-sa-nenechat-oklamat-a-na-co-si-musis-dat-pozor\/#breadcrumb","itemListElement":[{"@type":"ListItem","position":1,"name":"Domovsk\u00e1 str\u00e1nka","item":"https:\/\/www.maxins.sk\/de\/"},{"@type":"ListItem","position":2,"name":"Z\u00e1ujem o brig\u00e1dnikov bude tento rok vysok\u00fd. Ako sa nenecha\u0165 oklama\u0165 a na \u010do si mus\u00ed\u0161 da\u0165 pozor"}]},{"@type":"WebSite","@id":"https:\/\/www.maxins.sk\/#website","url":"https:\/\/www.maxins.sk\/","name":"MAXIN\u2019S Person\u00e1lna agent\u00fara","description":"","potentialAction":[{"@type":"SearchAction","target":{"@type":"EntryPoint","urlTemplate":"https:\/\/www.maxins.sk\/?s={search_term_string}"},"query-input":{"@type":"PropertyValueSpecification","valueRequired":true,"valueName":"search_term_string"}}],"inLanguage":"de"},{"@type":"Person","@id":"https:\/\/www.maxins.sk\/#\/schema\/person\/2dd10f129f5f596b247294134db949f6","name":"Dominika \u010ceklovsk\u00e1","image":{"@type":"ImageObject","inLanguage":"de","@id":"https:\/\/www.maxins.sk\/#\/schema\/person\/image\/","url":"https:\/\/secure.gravatar.com\/avatar\/242aeef22685783141b91a4aa2c2865b86a4a82313a09b29d7adceeb2c57d42a?s=96&d=mm&r=g","contentUrl":"https:\/\/secure.gravatar.com\/avatar\/242aeef22685783141b91a4aa2c2865b86a4a82313a09b29d7adceeb2c57d42a?s=96&d=mm&r=g","caption":"Dominika \u010ceklovsk\u00e1"},"sameAs":["http:\/\/\u010ceklovsk\u00e1"],"url":"https:\/\/www.maxins.sk\/de\/blog\/author\/ceklovska\/"}]}},"_links":{"self":[{"href":"https:\/\/www.maxins.sk\/de\/wp-json\/wp\/v2\/posts\/4079","targetHints":{"allow":["GET"]}}],"collection":[{"href":"https:\/\/www.maxins.sk\/de\/wp-json\/wp\/v2\/posts"}],"about":[{"href":"https:\/\/www.maxins.sk\/de\/wp-json\/wp\/v2\/types\/post"}],"author":[{"embeddable":true,"href":"https:\/\/www.maxins.sk\/de\/wp-json\/wp\/v2\/users\/4"}],"replies":[{"embeddable":true,"href":"https:\/\/www.maxins.sk\/de\/wp-json\/wp\/v2\/comments?post=4079"}],"version-history":[{"count":3,"href":"https:\/\/www.maxins.sk\/de\/wp-json\/wp\/v2\/posts\/4079\/revisions"}],"predecessor-version":[{"id":4085,"href":"https:\/\/www.maxins.sk\/de\/wp-json\/wp\/v2\/posts\/4079\/revisions\/4085"}],"wp:featuredmedia":[{"embeddable":true,"href":"https:\/\/www.maxins.sk\/de\/wp-json\/wp\/v2\/media\/4082"}],"wp:attachment":[{"href":"https:\/\/www.maxins.sk\/de\/wp-json\/wp\/v2\/media?parent=4079"}],"wp:term":[{"taxonomy":"category","embeddable":true,"href":"https:\/\/www.maxins.sk\/de\/wp-json\/wp\/v2\/categories?post=4079"},{"taxonomy":"post_tag","embeddable":true,"href":"https:\/\/www.maxins.sk\/de\/wp-json\/wp\/v2\/tags?post=4079"}],"curies":[{"name":"wp","href":"https:\/\/api.w.org\/{rel}","templated":true}]}}